{"id":98581,"date":"2020-09-11T09:21:31","date_gmt":"2020-09-11T13:21:31","guid":{"rendered":"https:\/\/linitiative.ca\/International\/la-fecafoot-cherche-un-assureur\/"},"modified":"2020-09-11T09:21:31","modified_gmt":"2020-09-11T13:21:31","slug":"la-fecafoot-cherche-un-assureur","status":"publish","type":"post","link":"https:\/\/linitiative.ca\/International\/la-fecafoot-cherche-un-assureur\/","title":{"rendered":"La F\u00e9cafoot cherche un  assureur"},"content":{"rendered":"<div class=\"featured-area featured-area-inner\"><img loading=\"lazy\" decoding=\"async\" width=\"1080\" height=\"608\" src=\"https:\/\/ecomatin.net\/wp-content\/uploads\/2020\/09\/Fecafoot.jpg\" class=\"attachment-full size-full wp-post-image\" alt=\"\" srcset=\"https:\/\/ecomatin.net\/wp-content\/uploads\/2020\/09\/Fecafoot.jpg 1080w, https:\/\/ecomatin.net\/wp-content\/uploads\/2020\/09\/Fecafoot-300x169.jpg 300w, https:\/\/ecomatin.net\/wp-content\/uploads\/2020\/09\/Fecafoot-1024x576.jpg 1024w, https:\/\/ecomatin.net\/wp-content\/uploads\/2020\/09\/Fecafoot-768x432.jpg 768w, https:\/\/ecomatin.net\/wp-content\/uploads\/2020\/09\/Fecafoot-390x220.jpg 390w, https:\/\/ecomatin.net\/wp-content\/uploads\/2020\/09\/Fecafoot-600x338.jpg 600w\" sizes=\"auto, (max-width: 1080px) 100vw, 1080px\" data-attachment-id=\"18440\" data-permalink=\"https:\/\/ecomatin.net\/la-fecafoot-cherche-un-assureur\/fecafoot\/\" data-orig-file=\"https:\/\/ecomatin.net\/wp-content\/uploads\/2020\/09\/Fecafoot.jpg\" data-orig-size=\"1080,608\" data-comments-opened=\"0\" data-image-meta=\"{&quot;aperture&quot;:&quot;0&quot;,&quot;credit&quot;:&quot;&quot;,&quot;camera&quot;:&quot;&quot;,&quot;caption&quot;:&quot;&quot;,&quot;created_timestamp&quot;:&quot;0&quot;,&quot;copyright&quot;:&quot;&quot;,&quot;focal_length&quot;:&quot;0&quot;,&quot;iso&quot;:&quot;0&quot;,&quot;shutter_speed&quot;:&quot;0&quot;,&quot;title&quot;:&quot;&quot;,&quot;orientation&quot;:&quot;0&quot;}\" data-image-title=\"Fecafoot\" data-image-description=\"\" data-medium-file=\"https:\/\/ecomatin.net\/wp-content\/uploads\/2020\/09\/Fecafoot-300x169.jpg\" data-large-file=\"https:\/\/ecomatin.net\/wp-content\/uploads\/2020\/09\/Fecafoot-1024x576.jpg\"\/><\/div>\n<div class=\"entry-content entry clearfix\" readability=\"32.395863676085\">\n<p>La F\u00e9d\u00e9ration camerounaise de football (F\u00e9cafoot), vient de lancer un appel d\u2019offres national pour la s\u00e9lection d\u2019une compagnie d\u2019assurance. Ceci en vue de la souscription d\u2019une police d\u2019assurance-maladie en faveur de son personnel.<\/p>\n<p>La F\u00e9cafoot veut ainsi aligner son personnel \u00e0 ce secteur d\u2019activit\u00e9 qui se r\u00e9partissait en 2018 en deux segments\u00a0:\u00a0l\u2019assurance non vie avec 69,9% de parts de march\u00e9 et le reste du march\u00e9 acquis \u00e0 l\u2019assurance vie. Ce Secteur \u00e9tant alors anim\u00e9 par 28 compagnies d\u2019assurance, donc 17 pour l\u2019assurance non-vie et 11 pour l\u2019assurance vie, mais aussi trois r\u00e9assureurs. Selon les r\u00e9centes donn\u00e9es fournies par l\u2019Association des soci\u00e9t\u00e9s d\u2019assurance du Cameroun (Asac), le march\u00e9 de l\u2019assurance a r\u00e9alis\u00e9 en 2018 un chiffre d\u2019affaires global de 206,7 milliards de FCFA, soit une progression de 4,9% par rapport \u00e0 2017, ou il se situait \u00e0 197 milliards.<\/p>\n<p><strong>Lire aussi<\/strong> : <a href=\"https:\/\/ecomatin.net\/la-fecafoot-sexplique-sur-les-equipements-des-lions-indomptables\/\">La F\u00e9cafoot s\u2019explique sur les \u00e9quipements des lions indomptables<\/a><\/p>\n<p>Rappelons que la\u00a0F\u00e9d\u00e9ration camerounaise de football(F\u00e9cafoot) que dirige actuellement Seidou Mbombo Njoya\u00a0\u00a0est une association regroupant les clubs de football du Cameroun. Elle organise les comp\u00e9titions nationales et les matchs internationaux de la s\u00e9lection du Cameroun. La F\u00e9cafoot, n\u00e9e sous l\u2019appellation \u201cla f\u00e9d\u00e9ration nationale du Cameroun\u201d, est fond\u00e9e en 1959. Elle est affili\u00e9e \u00e0 la Fifa (F\u00e9d\u00e9ration internationale de football) depuis 1962 et est membre de la CAF (Conf\u00e9d\u00e9ration africaine de football) depuis 1963.<\/p>\n<p><strong>Lire aussi<\/strong> : <a href=\"https:\/\/ecomatin.net\/football-pourquoi-la-fecafoot-a-suspendu-la-lfpc-et-annule-ses-subventions\/\">Football\u00a0: pourquoi la F\u00e9cafoot a suspendu la Lfpc et annule ses subventions<\/a><\/p>\n<div class=\"awac-wrapper awac widget posts-list-widget-11\">\n<h4 class=\"widget-title\">Le plus r\u00e9cent<\/h4>\n<\/div>\n<\/div>\n<p>Auteur: Eco Matin<br \/>\n<a href=\"https:\/\/ecomatin.net\/la-fecafoot-cherche-un-assureur\/\">Cliquez ici pour lire l&rsquo;article depuis sa source.<\/a><\/p>\n","protected":false},"excerpt":{"rendered":"<p>La F\u00e9d\u00e9ration camerounaise de football (F\u00e9cafoot), vient de lancer un appel d\u2019offres national pour la s\u00e9lection d\u2019une compagnie d\u2019assurance. Ceci en vue de la souscription d\u2019une police d\u2019assurance-maladie en faveur de son personnel. La F\u00e9cafoot veut ainsi aligner son personnel \u00e0 ce secteur d\u2019activit\u00e9 qui se r\u00e9partissait en 2018 en deux segments\u00a0:\u00a0l\u2019assurance non vie avec [&hellip;]<\/p>\n","protected":false},"author":1969,"featured_media":98582,"comment_status":"closed","ping_status":"closed","sticky":false,"template":"","format":"standard","meta":{"fifu_image_url":"","fifu_image_alt":"","footnotes":""},"categories":[82,78],"tags":[],"class_list":["post-98581","post","type-post","status-publish","format-standard","has-post-thumbnail","hentry","category-cameroun","category-economie"],"_links":{"self":[{"href":"https:\/\/linitiative.ca\/International\/wp-json\/wp\/v2\/posts\/98581","targetHints":{"allow":["GET"]}}],"collection":[{"href":"https:\/\/linitiative.ca\/International\/wp-json\/wp\/v2\/posts"}],"about":[{"href":"https:\/\/linitiative.ca\/International\/wp-json\/wp\/v2\/types\/post"}],"author":[{"embeddable":true,"href":"https:\/\/linitiative.ca\/International\/wp-json\/wp\/v2\/users\/1969"}],"replies":[{"embeddable":true,"href":"https:\/\/linitiative.ca\/International\/wp-json\/wp\/v2\/comments?post=98581"}],"version-history":[{"count":0,"href":"https:\/\/linitiative.ca\/International\/wp-json\/wp\/v2\/posts\/98581\/revisions"}],"wp:featuredmedia":[{"embeddable":true,"href":"https:\/\/linitiative.ca\/International\/wp-json\/"}],"wp:attachment":[{"href":"https:\/\/linitiative.ca\/International\/wp-json\/wp\/v2\/media?parent=98581"}],"wp:term":[{"taxonomy":"category","embeddable":true,"href":"https:\/\/linitiative.ca\/International\/wp-json\/wp\/v2\/categories?post=98581"},{"taxonomy":"post_tag","embeddable":true,"href":"https:\/\/linitiative.ca\/International\/wp-json\/wp\/v2\/tags?post=98581"}],"curies":[{"name":"wp","href":"https:\/\/api.w.org\/{rel}","templated":true}]}}