{"id":98583,"date":"2020-09-11T12:26:28","date_gmt":"2020-09-11T16:26:28","guid":{"rendered":"https:\/\/linitiative.ca\/International\/la-magzi-veut-amenager-100-ha-de-terrain-a-meyomessala\/"},"modified":"2020-09-11T12:26:28","modified_gmt":"2020-09-11T16:26:28","slug":"la-magzi-veut-amenager-100-ha-de-terrain-a-meyomessala","status":"publish","type":"post","link":"https:\/\/linitiative.ca\/International\/la-magzi-veut-amenager-100-ha-de-terrain-a-meyomessala\/","title":{"rendered":"La Magzi veut am\u00e9nager 100 ha de terrain \u00e0 Meyomessala"},"content":{"rendered":"<div class=\"featured-area featured-area-inner\"><img loading=\"lazy\" decoding=\"async\" width=\"2560\" height=\"1251\" src=\"https:\/\/ecomatin.net\/wp-content\/uploads\/2020\/09\/Magzi-1-scaled.jpg\" class=\"attachment-full size-full wp-post-image\" alt=\"\" srcset=\"https:\/\/ecomatin.net\/wp-content\/uploads\/2020\/09\/Magzi-1-scaled.jpg 2560w, https:\/\/ecomatin.net\/wp-content\/uploads\/2020\/09\/Magzi-1-300x147.jpg 300w, https:\/\/ecomatin.net\/wp-content\/uploads\/2020\/09\/Magzi-1-1024x500.jpg 1024w, https:\/\/ecomatin.net\/wp-content\/uploads\/2020\/09\/Magzi-1-768x375.jpg 768w, https:\/\/ecomatin.net\/wp-content\/uploads\/2020\/09\/Magzi-1-1536x750.jpg 1536w, https:\/\/ecomatin.net\/wp-content\/uploads\/2020\/09\/Magzi-1-2048x1000.jpg 2048w, https:\/\/ecomatin.net\/wp-content\/uploads\/2020\/09\/Magzi-1-600x293.jpg 600w\" sizes=\"auto, (max-width: 2560px) 100vw, 2560px\" data-attachment-id=\"18445\" data-permalink=\"https:\/\/ecomatin.net\/la-magzi-veut-amenager-100-ha-de-terrain-a-meyomessala\/magzi-1\/\" data-orig-file=\"https:\/\/ecomatin.net\/wp-content\/uploads\/2020\/09\/Magzi-1-scaled.jpg\" data-orig-size=\"2560,1251\" data-comments-opened=\"0\" data-image-meta=\"{&quot;aperture&quot;:&quot;0&quot;,&quot;credit&quot;:&quot;&quot;,&quot;camera&quot;:&quot;&quot;,&quot;caption&quot;:&quot;&quot;,&quot;created_timestamp&quot;:&quot;0&quot;,&quot;copyright&quot;:&quot;&quot;,&quot;focal_length&quot;:&quot;0&quot;,&quot;iso&quot;:&quot;0&quot;,&quot;shutter_speed&quot;:&quot;0&quot;,&quot;title&quot;:&quot;&quot;,&quot;orientation&quot;:&quot;0&quot;}\" data-image-title=\"Magzi-1\" data-image-description=\"\" data-medium-file=\"https:\/\/ecomatin.net\/wp-content\/uploads\/2020\/09\/Magzi-1-300x147.jpg\" data-large-file=\"https:\/\/ecomatin.net\/wp-content\/uploads\/2020\/09\/Magzi-1-1024x500.jpg\"\/><\/div>\n<div class=\"entry-content entry clearfix\" readability=\"29.176200057488\">\n<p>C\u2019est dans l\u2019int\u00e9r\u00eat d\u2019accomplir ses missions d\u2019am\u00e9nagement des infrastructures physiques n\u00e9cessaires \u00e0 l\u2019implantation des entreprises pouvant accueillir des op\u00e9rations\u00a0\u00a0d\u00e9sireux de cr\u00e9er des emplois au Cameroun,\u00a0\u00a0que la Mission d\u2019am\u00e9nagement et de gestions des zones industrielles (Magzi), qu\u2019une \u00e9tude de faisabilit\u00e9 instruite par le top management avait d\u00e9cid\u00e9 de la cr\u00e9ation d\u2019une\u00a0\u00a0zone industrielle \u00e0 Meyomessala, plus pr\u00e9cis\u00e9ment au lieudit Meyos Yemvack. Toute chose qui a conduit \u00e0 l\u2019acquisition et la s\u00e9curisation de 100 hectares de terrain d\u00e9di\u00e9s \u00e0 abriter ladite zone.<\/p>\n<p><strong>Lire aussi<\/strong> : <a href=\"https:\/\/ecomatin.net\/deux-zones-industrielles-creees-dans-le-nord-ouest-et-sud-ouest-pour-la-relance-de-leconomie\/\">Deux zones industrielles cr\u00e9\u00e9es dans le Nord-ouest et le Sud-ouest pour la relance de l\u2019\u00e9conomie<\/a><\/p>\n<p>La maturation de ce projet impliquant des \u00e9tudes techniques pr\u00e9alables, le Directeur g\u00e9n\u00e9ral de la Magzi a\u00a0\u00a0\u00e0 cet effet,\u00a0\u00a0lanc\u00e9 ce 10 septembre un appel \u00e0 manifestation d\u2019int\u00e9r\u00eat pour la pr\u00e9-qualification des bureaux d\u2019\u00e9tudes techniques devant participer \u00e0 l\u2019appel d\u2019offre restreint national . En ce qui concerne le financement desdites prestations, la Magzi endosse l\u2019enti\u00e8rement responsabilit\u00e9\u00a0\u00a0pour le compte de l\u2019exercice 2020. La mission consistera essentiellement \u00e0 r\u00e9aliser des \u00e9tudes avant-projet\u00a0\u00a0selon des crit\u00e8res de qualification consign\u00e9s dans ladite offre qui stipule par ailleurs qu\u2019il faudrait \u00eatre un bureau d\u2019\u00e9tudes techniques install\u00e9 au Cameroun ou en cours d\u2019installation. Aussi les soumissionnaires devront justifier des capacit\u00e9s administratives, techniques et financi\u00e8res requises. Les dossiers de soumissions sont attendus jusqu\u2019au 25 septembre 2020.<\/p>\n<p><strong>Lire aussi<\/strong> : <a href=\"https:\/\/ecomatin.net\/investissement-ouverture-risquee-de-la-zone-industrielle-a-bamenda\/\">Investissements\u00a0: ouverture risqu\u00e9e de la zone industrielle \u00e0 Bamenda<\/a><\/p>\n<div class=\"awac-wrapper awac widget posts-list-widget-11\">\n<h4 class=\"widget-title\">Le plus r\u00e9cent<\/h4>\n<\/div>\n<\/div>\n<p>Auteur: Eco Matin<br \/>\n<a href=\"https:\/\/ecomatin.net\/la-magzi-veut-amenager-100-ha-de-terrain-a-meyomessala\/\">Cliquez ici pour lire l&rsquo;article depuis sa source.<\/a><\/p>\n","protected":false},"excerpt":{"rendered":"<p>C\u2019est dans l\u2019int\u00e9r\u00eat d\u2019accomplir ses missions d\u2019am\u00e9nagement des infrastructures physiques n\u00e9cessaires \u00e0 l\u2019implantation des entreprises pouvant accueillir des op\u00e9rations\u00a0\u00a0d\u00e9sireux de cr\u00e9er des emplois au Cameroun,\u00a0\u00a0que la Mission d\u2019am\u00e9nagement et de gestions des zones industrielles (Magzi), qu\u2019une \u00e9tude de faisabilit\u00e9 instruite par le top management avait d\u00e9cid\u00e9 de la cr\u00e9ation d\u2019une\u00a0\u00a0zone industrielle \u00e0 Meyomessala, plus pr\u00e9cis\u00e9ment [&hellip;]<\/p>\n","protected":false},"author":1969,"featured_media":98584,"comment_status":"closed","ping_status":"closed","sticky":false,"template":"","format":"standard","meta":{"fifu_image_url":"","fifu_image_alt":"","footnotes":""},"categories":[82,78],"tags":[],"class_list":["post-98583","post","type-post","status-publish","format-standard","has-post-thumbnail","hentry","category-cameroun","category-economie"],"_links":{"self":[{"href":"https:\/\/linitiative.ca\/International\/wp-json\/wp\/v2\/posts\/98583","targetHints":{"allow":["GET"]}}],"collection":[{"href":"https:\/\/linitiative.ca\/International\/wp-json\/wp\/v2\/posts"}],"about":[{"href":"https:\/\/linitiative.ca\/International\/wp-json\/wp\/v2\/types\/post"}],"author":[{"embeddable":true,"href":"https:\/\/linitiative.ca\/International\/wp-json\/wp\/v2\/users\/1969"}],"replies":[{"embeddable":true,"href":"https:\/\/linitiative.ca\/International\/wp-json\/wp\/v2\/comments?post=98583"}],"version-history":[{"count":0,"href":"https:\/\/linitiative.ca\/International\/wp-json\/wp\/v2\/posts\/98583\/revisions"}],"wp:featuredmedia":[{"embeddable":true,"href":"https:\/\/linitiative.ca\/International\/wp-json\/"}],"wp:attachment":[{"href":"https:\/\/linitiative.ca\/International\/wp-json\/wp\/v2\/media?parent=98583"}],"wp:term":[{"taxonomy":"category","embeddable":true,"href":"https:\/\/linitiative.ca\/International\/wp-json\/wp\/v2\/categories?post=98583"},{"taxonomy":"post_tag","embeddable":true,"href":"https:\/\/linitiative.ca\/International\/wp-json\/wp\/v2\/tags?post=98583"}],"curies":[{"name":"wp","href":"https:\/\/api.w.org\/{rel}","templated":true}]}}