{"id":98587,"date":"2020-09-12T07:23:58","date_gmt":"2020-09-12T11:23:58","guid":{"rendered":"https:\/\/linitiative.ca\/International\/tanger-le-petit-adnane-retrouve-mort-apres-quatre-jours-de-sa-disparition\/"},"modified":"2020-09-12T07:23:58","modified_gmt":"2020-09-12T11:23:58","slug":"tanger-le-petit-adnane-retrouve-mort-apres-quatre-jours-de-sa-disparition","status":"publish","type":"post","link":"https:\/\/linitiative.ca\/International\/tanger-le-petit-adnane-retrouve-mort-apres-quatre-jours-de-sa-disparition\/","title":{"rendered":"Tanger : Le petit Adnane retrouv\u00e9 mort apr\u00e8s quatre jours de sa disparition"},"content":{"rendered":"<p><img decoding=\"async\" class=\"post_layout_5_img\" src=\"http:\/\/aujourdhui.ma\/wp-content\/uploads\/2020\/09\/1-Une-came\u0301ra-de-surveille-a-capte\u0301-Adnane-avec-le-suspect-le-me\u0302me-jour-de-sa-disparition-1.jpg\" alt=\"Tanger : Le petit Adnane retrouv&#xE9; mort apr&#xE8;s quatre jours de sa disparition\"\/><\/p>\n<p><strong>Les recherches ont abouti \u00e0 l\u2019identification du suspect, qui r\u00e9side pr\u00e8s du domicile de la victime.\u00a0<\/strong><\/p>\n<p>L\u2019affaire de la disparition du petit Adnane vient d\u2019\u00eatre \u00e9lucid\u00e9e, mais avec une fin tragique. Apr\u00e8s des recherches polici\u00e8res intensives, le corps de l\u2019enfant de 11 ans a \u00e9t\u00e9 retrouv\u00e9, vendredi 11 septembre, sans vie, enterr\u00e9 aux alentours de son domicile. Les \u00e9l\u00e9ments du service pr\u00e9fectoral de la police judiciaire de Tanger ont proc\u00e9d\u00e9 la m\u00eame journ\u00e9e \u00e0 l\u2019arrestation d\u2019un individu \u00e2g\u00e9 de 24 ans, employ\u00e9 dans la zone industrielle de la ville, soup\u00e7onn\u00e9 d\u2019homicide volontaire sur un mineur avec attentat \u00e0 la pudeur.<\/p>\n<p>Dans ce sens, la Direction g\u00e9n\u00e9rale de la S\u00fbret\u00e9 nationale (DGSN) vient de faire part dans un communiqu\u00e9 que la famille de l\u2019enfant avait avis\u00e9 les services de S\u00fbret\u00e9 de la zone de Bni Makada \u00e0 Tanger de la disparition d\u2019un mineur de 11 ans, avant que les recherches et investigations ne r\u00e9v\u00e8lent qu\u2019il s\u2019agit d\u2019une disparition \u00e0 caract\u00e8re criminel, surtout que le visionnage d\u2019enregistrements vid\u00e9os d\u00e9montre l\u2019implication pr\u00e9sum\u00e9e d\u2019un individu qui a entra\u00een\u00e9 la victime, pr\u00e8s du domicile de sa famille. Les recherches et le diagnostic men\u00e9s par la police judiciaire, appuy\u00e9e par les services de la Direction g\u00e9n\u00e9rale de la surveillance du territoire (DGST) ont, tient \u00e0 pr\u00e9ciser la m\u00eame source, abouti \u00e0 l\u2019identification du suspect, qui r\u00e9side pr\u00e8s du domicile de la victime, avant qu\u2019il ne soit interpell\u00e9 et dirig\u00e9 vers le lieu o\u00f9 il s\u2019est d\u00e9barrass\u00e9 de la d\u00e9pouille. \u00ab Les premiers \u00e9l\u00e9ments de l\u2019enqu\u00eate r\u00e9v\u00e8lent que le mis en cause a emmen\u00e9 la victime dans un appartement qu\u2019il loue dans le m\u00eame quartier r\u00e9sidentiel, l\u2019a agress\u00e9e sexuellement et commis l\u2019homicide volontaire, au m\u00eame jour et \u00e0 la m\u00eame heure, avant de proc\u00e9der \u00e0 son enterrement aux alentours de son domicile \u00bb, fait savoir la DGSN.<\/p>\n<p>Le mis en cause a \u00e9t\u00e9 plac\u00e9 en garde \u00e0 vue \u00e0 la disposition de l\u2019enqu\u00eate judiciaire men\u00e9e sous la supervision du parquet comp\u00e9tent pour \u00e9lucider les tenants et aboutissants de cet acte criminel. Alors que la victime a \u00e9t\u00e9 transf\u00e9r\u00e9e \u00e0 l\u2019h\u00f4pital r\u00e9gional de la ville pour autopsie.<\/p>\n<p>Auteur: ALM<br \/>\n<a href=\"https:\/\/aujourdhui.ma\/faits-divers\/tanger-le-petit-adnane-retrouve-mort-apres-quatre-jours-de-sa-disparition\">Cliquez ici pour lire l&rsquo;article depuis sa source.<\/a><\/p>\n","protected":false},"excerpt":{"rendered":"<p>Les recherches ont abouti \u00e0 l\u2019identification du suspect, qui r\u00e9side pr\u00e8s du domicile de la victime.\u00a0 L\u2019affaire de la disparition du petit Adnane vient d\u2019\u00eatre \u00e9lucid\u00e9e, mais avec une fin tragique. Apr\u00e8s des recherches polici\u00e8res intensives, le corps de l\u2019enfant de 11 ans a \u00e9t\u00e9 retrouv\u00e9, vendredi 11 septembre, sans vie, enterr\u00e9 aux alentours de [&hellip;]<\/p>\n","protected":false},"author":1759,"featured_media":98588,"comment_status":"closed","ping_status":"closed","sticky":false,"template":"","format":"standard","meta":{"fifu_image_url":"","fifu_image_alt":"","footnotes":""},"categories":[73,54],"tags":[],"class_list":["post-98587","post","type-post","status-publish","format-standard","has-post-thumbnail","hentry","category-actualite","category-maroc"],"_links":{"self":[{"href":"https:\/\/linitiative.ca\/International\/wp-json\/wp\/v2\/posts\/98587","targetHints":{"allow":["GET"]}}],"collection":[{"href":"https:\/\/linitiative.ca\/International\/wp-json\/wp\/v2\/posts"}],"about":[{"href":"https:\/\/linitiative.ca\/International\/wp-json\/wp\/v2\/types\/post"}],"author":[{"embeddable":true,"href":"https:\/\/linitiative.ca\/International\/wp-json\/wp\/v2\/users\/1759"}],"replies":[{"embeddable":true,"href":"https:\/\/linitiative.ca\/International\/wp-json\/wp\/v2\/comments?post=98587"}],"version-history":[{"count":0,"href":"https:\/\/linitiative.ca\/International\/wp-json\/wp\/v2\/posts\/98587\/revisions"}],"wp:featuredmedia":[{"embeddable":true,"href":"https:\/\/linitiative.ca\/International\/wp-json\/"}],"wp:attachment":[{"href":"https:\/\/linitiative.ca\/International\/wp-json\/wp\/v2\/media?parent=98587"}],"wp:term":[{"taxonomy":"category","embeddable":true,"href":"https:\/\/linitiative.ca\/International\/wp-json\/wp\/v2\/categories?post=98587"},{"taxonomy":"post_tag","embeddable":true,"href":"https:\/\/linitiative.ca\/International\/wp-json\/wp\/v2\/tags?post=98587"}],"curies":[{"name":"wp","href":"https:\/\/api.w.org\/{rel}","templated":true}]}}