{"id":98593,"date":"2020-09-12T09:33:48","date_gmt":"2020-09-12T13:33:48","guid":{"rendered":"https:\/\/linitiative.ca\/International\/reunion-du-bureau-politique-le-rni-convoque-son-conseil-national-le-3-octobre\/"},"modified":"2020-09-12T09:33:48","modified_gmt":"2020-09-12T13:33:48","slug":"reunion-du-bureau-politique-le-rni-convoque-son-conseil-national-le-3-octobre","status":"publish","type":"post","link":"https:\/\/linitiative.ca\/International\/reunion-du-bureau-politique-le-rni-convoque-son-conseil-national-le-3-octobre\/","title":{"rendered":"R\u00e9union du bureau politique: Le RNI convoque son conseil national le 3 octobre"},"content":{"rendered":"<header readability=\"1.3251533742331\">\n<\/header>\n<div class=\"entry-content clearfix\" readability=\"52\"><img decoding=\"async\" class=\"post_layout_5_img\" src=\"http:\/\/aujourdhui.ma\/wp-content\/uploads\/2020\/09\/RNI.jpg\" alt=\"R&#xE9;union du bureau politique: Le RNI convoque son conseil national le 3 octobre\"\/><\/p>\n<p><strong>Le parlement du RNI se r\u00e9unit bient\u00f4t.<\/strong><span id=\"more-355259\"\/><\/p>\n<p>En effet, le bureau politique du Rassemblement National annonce la convocation du conseil national le 3 octobre prochain. L\u2019annonce a \u00e9t\u00e9 faite \u00e0 l\u2019issue de la derni\u00e8re r\u00e9union du bureau politique tenue sous la pr\u00e9sidence de M. Aziz Akhannouch, pr\u00e9sident du parti. Au debut des travaux, les membres se sont f\u00e9licit\u00e9s du contenu des deux derniers discours royaux. Alors que le Maroc enregistre une recrudescence des cas li\u00e9s au Covid-19, le parti appelle \u00e0 la mobilisation, se f\u00e9licitant des actions men\u00e9es sur le terrain par ses militants afin de sensibiliser les citoyens.<\/p>\n<p>Par ailleurs, la pr\u00e9sidence du parti a fait le point avec le bureau politique sur l\u2019\u00e9volution des concertations lanc\u00e9es par le minist\u00e8re de l\u2019int\u00e9rieur avec les partis politiques, saluant la d\u00e9marche participative adopt\u00e9e par le minist\u00e8re. Le parti a \u00e9galement salu\u00e9 la d\u00e9cision de maintenir l\u2019organisation des prochaines \u00e9ch\u00e9ances \u00e9lectorales dans les d\u00e9lais. Il a \u00e9t\u00e9 question en outre, de l\u2019initiative 100 jours, 100 villes dont la derni\u00e8re \u00e9tape aura lieu \u00e0 Ait Melloul, le 27 courant.<\/p>\n<\/div>\n<p>Auteur: ALM<br \/>\n<a href=\"https:\/\/aujourdhui.ma\/actualite\/reunion-du-bureau-politique-le-rni-convoque-son-conseil-national-le-3-octobre\">Cliquez ici pour lire l&rsquo;article depuis sa source.<\/a><\/p>\n","protected":false},"excerpt":{"rendered":"<p>Le parlement du RNI se r\u00e9unit bient\u00f4t. En effet, le bureau politique du Rassemblement National annonce la convocation du conseil national le 3 octobre prochain. L\u2019annonce a \u00e9t\u00e9 faite \u00e0 l\u2019issue de la derni\u00e8re r\u00e9union du bureau politique tenue sous la pr\u00e9sidence de M. Aziz Akhannouch, pr\u00e9sident du parti. Au debut des travaux, les membres [&hellip;]<\/p>\n","protected":false},"author":1759,"featured_media":98594,"comment_status":"closed","ping_status":"closed","sticky":false,"template":"","format":"standard","meta":{"fifu_image_url":"","fifu_image_alt":"","footnotes":""},"categories":[73,54],"tags":[],"class_list":["post-98593","post","type-post","status-publish","format-standard","has-post-thumbnail","hentry","category-actualite","category-maroc"],"_links":{"self":[{"href":"https:\/\/linitiative.ca\/International\/wp-json\/wp\/v2\/posts\/98593","targetHints":{"allow":["GET"]}}],"collection":[{"href":"https:\/\/linitiative.ca\/International\/wp-json\/wp\/v2\/posts"}],"about":[{"href":"https:\/\/linitiative.ca\/International\/wp-json\/wp\/v2\/types\/post"}],"author":[{"embeddable":true,"href":"https:\/\/linitiative.ca\/International\/wp-json\/wp\/v2\/users\/1759"}],"replies":[{"embeddable":true,"href":"https:\/\/linitiative.ca\/International\/wp-json\/wp\/v2\/comments?post=98593"}],"version-history":[{"count":0,"href":"https:\/\/linitiative.ca\/International\/wp-json\/wp\/v2\/posts\/98593\/revisions"}],"wp:featuredmedia":[{"embeddable":true,"href":"https:\/\/linitiative.ca\/International\/wp-json\/"}],"wp:attachment":[{"href":"https:\/\/linitiative.ca\/International\/wp-json\/wp\/v2\/media?parent=98593"}],"wp:term":[{"taxonomy":"category","embeddable":true,"href":"https:\/\/linitiative.ca\/International\/wp-json\/wp\/v2\/categories?post=98593"},{"taxonomy":"post_tag","embeddable":true,"href":"https:\/\/linitiative.ca\/International\/wp-json\/wp\/v2\/tags?post=98593"}],"curies":[{"name":"wp","href":"https:\/\/api.w.org\/{rel}","templated":true}]}}