{"id":98595,"date":"2020-09-12T04:19:59","date_gmt":"2020-09-12T08:19:59","guid":{"rendered":"https:\/\/linitiative.ca\/International\/interview-express-doyen-jean-francois-poli-universitaire-membre-du-conseil-scientifique-de-lobservatoire-detudes-geopolitique\/"},"modified":"2020-09-12T04:19:59","modified_gmt":"2020-09-12T08:19:59","slug":"interview-express-doyen-jean-francois-poli-universitaire-membre-du-conseil-scientifique-de-lobservatoire-detudes-geopolitique","status":"publish","type":"post","link":"https:\/\/linitiative.ca\/International\/interview-express-doyen-jean-francois-poli-universitaire-membre-du-conseil-scientifique-de-lobservatoire-detudes-geopolitique\/","title":{"rendered":"Interview Express  Doyen Jean-Fran\u00e7ois POLI, universitaire, membre du conseil scientifique de l\u2019Observatoire d\u2019\u00e9tudes g\u00e9opolitique"},"content":{"rendered":"<p>D\u2019apr\u00e8s vous, o\u00f9 en sont les discussions entre les diff\u00e9rentes parties bellig\u00e9rantes\u00a0? Y a-t-il eu des avanc\u00e9es\u00a0? Quel est le r\u00f4le du Maroc et la Tunisie\u00a0?<\/p>\n<p>Les discussions entre les deux principales parties de la crise libyenne ont progress\u00e9. Il est d\u00e9j\u00e0 remarquable que diplomatie marocaine ait pu r\u00e9unir autour d\u2019une m\u00eame tables, \u00e0 Bouznika du 6 au 10 septembre, des responsables des deux camps,\u00a0le Haut Conseil d\u2019\u00c9tat de Libye\u00a0\u00a0(Tripoli) et le parlement de Tobrouk.\u00a0Une dynamique positive s\u2019est enclench\u00e9e \u00e0 Bouznika, dans la ligne de l\u2019accord de Shkirat de 2015 et sous l\u2019\u00e9gide des Nations-Unies qui ont d\u2019ailleurs salu\u00e9 la tenue de cette r\u00e9union, comme l\u2019union africaine, l\u2019Union europ\u00e9enne, la France, les Etats-Unis ou la Turquie. L\u2019enjeu est de fonder un \u00c9tat fort dans l\u2019int\u00e9r\u00eat des Libyens et de toute la r\u00e9gion car le monde a besoin d\u2019un \u00c9tat stable en Libye. Cela rend encore plus incompr\u00e9hensible le silence d\u2019une partie de la presse fran\u00e7aise!<\/p>\n<p>Les avanc\u00e9es sont pourtant consid\u00e9rables.\u00a0Les d\u00e9l\u00e9gations du Haut Conseil d\u2019Etat libyen et du parlement de Tobrouk ont annonc\u00e9 qu\u2019elles sont parvenues \u00e0 un accord global sur les crit\u00e8res et les m\u00e9canismes transparents et objectifs pour occuper les postes de souverainet\u00e9. Les deux parties ont \u00e9galement convenu de poursuivre ce dialogue et de reprendre ces r\u00e9unions durant la derni\u00e8re semaine de ce mois afin d\u2019achever les mesures permettant\u00a0\u00a0l\u2019application et l\u2019activation de cet accord.<\/p>\n<p>Le Maroc et la Tunisie ont eu la sagesse de\u00a0\u00a0rester neutre de fa\u00e7on \u00e0 aider \u00e0 trouver une solution \u00e0 la crise libyenne. A la diff\u00e9rence de certains autres ces deux pays ont une position sage et responsable car ils n\u2019ont jamais mis de l\u2019huile sur le feu. Ils peuvent donc contribuer \u00e0 faire avancer un processus de n\u00e9gociation. Le Maroc joue un r\u00f4le essentiel, ce qui confirme, si besoin \u00e9tait, qu\u2019il est un acteur incontournable d\u2019un point de vue g\u00e9opolitique. Le ministre des Affaires \u00e9trang\u00e8res marocain, Nasser Bourita, a rappel\u00e9 que son pays fait montre de\u00a0<em>\u00ab\u00a0 dynamisme pour un r\u00e8glement consensuel\u00a0\u00bb<\/em>.\u00a0L\u2019action diplomatique du Maroc est intense et s\u2019inscrit dans la dur\u00e9e, ce qui fait que les dossiers sont suivis sur un temps long propice aux r\u00e8glements des conflits dans des situations d\u2019extr\u00eames tensions.<\/p>\n<div class=\"wp-post-author-wrap wp-post-author-shortcode left\">\n<h3 class=\"awpa-title\"\/>\n<div class=\"wp-post-author\">\n<div class=\"awpa-img awpa-author-block square\"><a href=\"http:\/\/lexpertjournal.net\/fr\/?author=5\"><img loading=\"lazy\" decoding=\"async\" alt=\"\" src=\"http:\/\/0.gravatar.com\/avatar\/97f8e10a1c1125ba104a76514ee07b16?s=150&amp;d=mm&amp;r=g\" srcset=\"http:\/\/0.gravatar.com\/avatar\/97f8e10a1c1125ba104a76514ee07b16?s=300&amp;d=mm&amp;r=g 2x\" class=\"avatar avatar-150 photo\" height=\"150\" width=\"150\"\/><\/a><\/div>\n<\/div>\n<\/div>\n<aside class=\"mashsb-container mashsb-main mashsb-stretched\">\n<\/aside>\n<p>Auteur: L&rsquo;expert<br \/>\n<a href=\"http:\/\/lexpertjournal.net\/fr\/?p=16565\">Cliquez ici pour lire l&rsquo;article depuis sa source.<\/a><\/p>\n","protected":false},"excerpt":{"rendered":"<p>D\u2019apr\u00e8s vous, o\u00f9 en sont les discussions entre les diff\u00e9rentes parties bellig\u00e9rantes\u00a0? Y a-t-il eu des avanc\u00e9es\u00a0? Quel est le r\u00f4le du Maroc et la Tunisie\u00a0? Les discussions entre les deux principales parties de la crise libyenne ont progress\u00e9. Il est d\u00e9j\u00e0 remarquable que diplomatie marocaine ait pu r\u00e9unir autour d\u2019une m\u00eame tables, \u00e0 Bouznika [&hellip;]<\/p>\n","protected":false},"author":1775,"featured_media":0,"comment_status":"closed","ping_status":"closed","sticky":false,"template":"","format":"standard","meta":{"fifu_image_url":"","fifu_image_alt":"","footnotes":""},"categories":[78,55],"tags":[],"class_list":["post-98595","post","type-post","status-publish","format-standard","hentry","category-economie","category-tunisie"],"_links":{"self":[{"href":"https:\/\/linitiative.ca\/International\/wp-json\/wp\/v2\/posts\/98595","targetHints":{"allow":["GET"]}}],"collection":[{"href":"https:\/\/linitiative.ca\/International\/wp-json\/wp\/v2\/posts"}],"about":[{"href":"https:\/\/linitiative.ca\/International\/wp-json\/wp\/v2\/types\/post"}],"author":[{"embeddable":true,"href":"https:\/\/linitiative.ca\/International\/wp-json\/wp\/v2\/users\/1775"}],"replies":[{"embeddable":true,"href":"https:\/\/linitiative.ca\/International\/wp-json\/wp\/v2\/comments?post=98595"}],"version-history":[{"count":0,"href":"https:\/\/linitiative.ca\/International\/wp-json\/wp\/v2\/posts\/98595\/revisions"}],"wp:attachment":[{"href":"https:\/\/linitiative.ca\/International\/wp-json\/wp\/v2\/media?parent=98595"}],"wp:term":[{"taxonomy":"category","embeddable":true,"href":"https:\/\/linitiative.ca\/International\/wp-json\/wp\/v2\/categories?post=98595"},{"taxonomy":"post_tag","embeddable":true,"href":"https:\/\/linitiative.ca\/International\/wp-json\/wp\/v2\/tags?post=98595"}],"curies":[{"name":"wp","href":"https:\/\/api.w.org\/{rel}","templated":true}]}}