{"id":98596,"date":"2020-09-12T07:33:00","date_gmt":"2020-09-12T11:33:00","guid":{"rendered":"https:\/\/linitiative.ca\/International\/adoption-du-texte-de-loi-relatif-a-la-revision-de-la-constitution\/"},"modified":"2020-09-12T07:33:00","modified_gmt":"2020-09-12T11:33:00","slug":"adoption-du-texte-de-loi-relatif-a-la-revision-de-la-constitution","status":"publish","type":"post","link":"https:\/\/linitiative.ca\/International\/adoption-du-texte-de-loi-relatif-a-la-revision-de-la-constitution\/","title":{"rendered":"Adoption du texte de loi relatif \u00e0 la r\u00e9vision de la Constitution"},"content":{"rendered":"<div id=\"originalText\" readability=\"50\">\n<p>Le texte de loi relatif \u00e0 la r\u00e9vision de la Constitution a \u00e9t\u00e9 adopt\u00e9 samedi \u00e0 la majorit\u00e9 par les membres du Conseil de la Nation, lors d&rsquo;une s\u00e9ance pl\u00e9ni\u00e8re pr\u00e9sid\u00e9e par le pr\u00e9sident par int\u00e9rim du Conseil, Salah Goudjil, en pr\u00e9sence du Premier ministre, Abdelaziz Djerad.<\/p>\n<p>La veille, le Premier ministre avait pr\u00e9sent\u00e9 le texte de loi devant la commission des affaires juridiques et administratives du Conseil de la Nation, suivi d&rsquo;un d\u00e9bat restreint au niveau de la commission.<\/p>\n<p>Le texte de loi a \u00e9t\u00e9 adopt\u00e9 jeudi dernier par les membres de l&rsquo;Assembl\u00e9e populaire nationale (APN).<\/p>\n<p>Le projet de r\u00e9vision de la Constitution sera soumis au suffrage populaire lors du r\u00e9f\u00e9rendum pr\u00e9vu le 1er novembre prochain.\u00a0<\/p>\n<p class=\"c6\"><strong>R\u00e9daction Web<\/strong><\/p>\n<\/div>\n<div id=\"text_core\" readability=\"50\">\n<p>Le texte de loi relatif \u00e0 la r\u00e9vision de la Constitution a \u00e9t\u00e9 adopt\u00e9 samedi \u00e0 la majorit\u00e9 par les membres du Conseil de la Nation, lors d&rsquo;une s\u00e9ance pl\u00e9ni\u00e8re pr\u00e9sid\u00e9e par le pr\u00e9sident par int\u00e9rim du Conseil, Salah Goudjil, en pr\u00e9sence du Premier ministre, Abdelaziz Djerad.<\/p>\n<p>La veille, le Premier ministre avait pr\u00e9sent\u00e9 le texte de loi devant la commission des affaires juridiques et administratives du Conseil de la Nation, suivi d&rsquo;un d\u00e9bat restreint au niveau de la commission.<\/p>\n<p>Le texte de loi a \u00e9t\u00e9 adopt\u00e9 jeudi dernier par les membres de l&rsquo;Assembl\u00e9e populaire nationale (APN).<\/p>\n<p>Le projet de r\u00e9vision de la Constitution sera soumis au suffrage populaire lors du r\u00e9f\u00e9rendum pr\u00e9vu le 1er novembre prochain.\u00a0<\/p>\n<p class=\"c6\"><strong>R\u00e9daction Web<\/strong><\/p>\n<\/div>\n<p>Auteur:<br \/>\n<a href=\"https:\/\/www.liberte-algerie.com\/actualite\/adoption-du-texte-de-loi-relatif-a-la-revision-de-la-constitution-345413\">Cliquez ici pour lire l&rsquo;article depuis sa source.<\/a><\/p>\n","protected":false},"excerpt":{"rendered":"<p>Le texte de loi relatif \u00e0 la r\u00e9vision de la Constitution a \u00e9t\u00e9 adopt\u00e9 samedi \u00e0 la majorit\u00e9 par les membres du Conseil de la Nation, lors d&rsquo;une s\u00e9ance pl\u00e9ni\u00e8re pr\u00e9sid\u00e9e par le pr\u00e9sident par int\u00e9rim du Conseil, Salah Goudjil, en pr\u00e9sence du Premier ministre, Abdelaziz Djerad. La veille, le Premier ministre avait pr\u00e9sent\u00e9 le [&hellip;]<\/p>\n","protected":false},"author":1742,"featured_media":0,"comment_status":"closed","ping_status":"closed","sticky":false,"template":"","format":"standard","meta":{"fifu_image_url":"","fifu_image_alt":"","footnotes":""},"categories":[73,53],"tags":[],"class_list":["post-98596","post","type-post","status-publish","format-standard","hentry","category-actualite","category-algerie"],"_links":{"self":[{"href":"https:\/\/linitiative.ca\/International\/wp-json\/wp\/v2\/posts\/98596","targetHints":{"allow":["GET"]}}],"collection":[{"href":"https:\/\/linitiative.ca\/International\/wp-json\/wp\/v2\/posts"}],"about":[{"href":"https:\/\/linitiative.ca\/International\/wp-json\/wp\/v2\/types\/post"}],"author":[{"embeddable":true,"href":"https:\/\/linitiative.ca\/International\/wp-json\/wp\/v2\/users\/1742"}],"replies":[{"embeddable":true,"href":"https:\/\/linitiative.ca\/International\/wp-json\/wp\/v2\/comments?post=98596"}],"version-history":[{"count":0,"href":"https:\/\/linitiative.ca\/International\/wp-json\/wp\/v2\/posts\/98596\/revisions"}],"wp:attachment":[{"href":"https:\/\/linitiative.ca\/International\/wp-json\/wp\/v2\/media?parent=98596"}],"wp:term":[{"taxonomy":"category","embeddable":true,"href":"https:\/\/linitiative.ca\/International\/wp-json\/wp\/v2\/categories?post=98596"},{"taxonomy":"post_tag","embeddable":true,"href":"https:\/\/linitiative.ca\/International\/wp-json\/wp\/v2\/tags?post=98596"}],"curies":[{"name":"wp","href":"https:\/\/api.w.org\/{rel}","templated":true}]}}