{"id":98599,"date":"2020-09-11T14:31:27","date_gmt":"2020-09-11T18:31:27","guid":{"rendered":"https:\/\/linitiative.ca\/International\/reunion-de-mme-fettah-alaoui-avec-les-professionnels-du-tourisme\/"},"modified":"2020-09-11T14:31:27","modified_gmt":"2020-09-11T18:31:27","slug":"reunion-de-mme-fettah-alaoui-avec-les-professionnels-du-tourisme","status":"publish","type":"post","link":"https:\/\/linitiative.ca\/International\/reunion-de-mme-fettah-alaoui-avec-les-professionnels-du-tourisme\/","title":{"rendered":"R\u00e9union de Mme Fettah Alaoui avec les professionnels du tourisme"},"content":{"rendered":"<div readability=\"43\">\n<p>Marrakech \u2013 La situation du secteur touristique \u00e0 Marrakech, touch\u00e9 de plein fouet par la crise induite par la propagation de la pand\u00e9mie de la Covid-19, a \u00e9t\u00e9 au c\u0153ur d\u2019une r\u00e9union, vendredi dans la cit\u00e9 ocre, de la ministre du Tourisme, de l\u2019Artisanat, du Transport a\u00e9rien et de l\u2019Economie sociale, Mme Nadia Fettah Alaoui, avec les professionnels.<\/p>\n<\/div>\n<div readability=\"157\">\n<p>Dans une d\u00e9claration \u00e0 la presse \u00e0 l\u2019issue de cette r\u00e9union tenue en pr\u00e9sence du Wali de la r\u00e9gion de Marrakech-Safi, Karim Kassi-Lahlou, la ministre a affirm\u00e9 que la ville de Marrakech, en tant que destination touristique par excellence aussi bien \u00e0 l\u2019\u00e9chelle nationale qu\u2019internationale, a \u00ab\u00a0\u00e9norm\u00e9ment souffert\u00a0\u00bb en raison des cons\u00e9quences de cette crise sanitaire qui dure encore.<\/p>\n<p>Les travaux de cette rencontre, tenue avec tous les professionnels et les autorit\u00e9s locales, ont port\u00e9 sur plusieurs th\u00e9matiques, dont les plus importantes ont trait au contrat-programme dont a b\u00e9n\u00e9fici\u00e9 ce secteur depuis d\u00e9but ao\u00fbt dernier, a-t-elle pr\u00e9cis\u00e9.<\/p>\n<p>Et Mme Fettah Alaoui de poursuivre qu\u2019il s\u2019agissait surtout lors de cette r\u00e9union d&rsquo;\u00a0\u00bbexpliquer et de r\u00e9expliquer\u00a0\u00bb les mesures et d\u2019\u00eatre \u00e0 l\u2019\u00e9coute des professionnels et de certains secteurs qui ont des difficult\u00e9s \u00e0 les appliquer ou \u00e0 en b\u00e9n\u00e9ficier\u00a0\u00bb.<\/p>\n<p>\u00ab\u00a0Nous avons, avec une touche d\u2019optimisme, travaill\u00e9 aussi sur un plan de relance du tourisme, pr\u00e9par\u00e9 de fa\u00e7on disciplin\u00e9e et rigoureuse, mais toujours la main dans la main avec l\u2019ensemble des parties prenantes, les professionnels, le minist\u00e8re de tutelle et surtout les autorit\u00e9s locales\u00a0\u00bb, a-t-elle conclu.<\/p>\n<p>Ouvrant les travaux de cette r\u00e9union, M. Kassi-Lahlou a, de son c\u00f4t\u00e9, expliqu\u00e9 que cette rencontre intervient dans le cadre des efforts soutenus d\u00e9ploy\u00e9s en faveur d\u2019une nouvelle relance, solide et dans la bonne direction de l\u2019activit\u00e9 touristique \u00e0 la lumi\u00e8re de la situation qui pr\u00e9vaut dans la cit\u00e9 ocre et la r\u00e9gion.<\/p>\n<p>Il a, dans la foul\u00e9e, mis en avant le travail intense men\u00e9 pour faire face \u00e0 cette situation \u00e0 laquelle est confront\u00e9 le secteur, ainsi que la communication permanente avec la ministre depuis le d\u00e9clenchement de cette crise sanitaire.<\/p>\n<p>Les diff\u00e9rentes parties prenantes ont conjugu\u00e9 leurs efforts pour se doter d\u2019une strat\u00e9gie et d\u2019un plan d\u2019action afin de sortir de cette crise, soulignant que Marrakech a \u00e9t\u00e9 en avant-garde en proc\u00e9dant \u00e0 la mise en place, depuis des mois, d\u2019une feuille de route pour faire face \u00e0 cette situation in\u00e9dite.<\/p>\n<p>Pour sa part, le pr\u00e9sident du Conseil r\u00e9gional du Tourisme de Marrakech-Safi, Hamid Bentahar, a fait savoir que depuis le d\u00e9but de cette crise, \u00ab\u00a0nous travaillons la main dans la main pour la protection des emplois qui \u00e9tait le premier objectif\u00a0\u00bb.<\/p>\n<p>Cette r\u00e9union \u00ab\u00a0nous a permis d\u2019\u00e9voquer le contrat-programme sign\u00e9 avec la Conf\u00e9d\u00e9ration Nationale du Tourisme (CNT) et qui commence \u00e0 donner lieu aux premi\u00e8res mesures concr\u00e8tes comme celle relative \u00e0 la CNSS, \u00e0 titre d\u2019exemple\u00a0\u00bb, a-t-il not\u00e9, relevant l\u2019existence d\u2019autres mesures et dispositifs ayant trait \u00e9galement \u00e0 tout ce qui est \u00e0 caract\u00e8re bancaire et fiscal.<\/p>\n<p>\u00ab\u00a0Toutes ces mesures sont en train d\u2019\u00eatre mises en oeuvre au fur et \u00e0 mesure\u00a0\u00bb, a-t-il encha\u00een\u00e9, affirmant que le but de cette r\u00e9union a \u00e9t\u00e9 d\u2019aborder ce sujet concret qui constitue une premi\u00e8re \u00e9tape dans le programme de protection des emplois.<\/p>\n<p>\u00ab\u00a0Nous avons aussi abord\u00e9 des questions relatives \u00e0 la relance et aux diff\u00e9rentes pistes et solutions \u00e0 m\u00eame de permettre, tr\u00e8s vite, de pr\u00e9parer, d\u2019abord, une r\u00e9ouverture des fronti\u00e8res, qui demeure l\u2019une des attentes tr\u00e8s importantes exprim\u00e9es par les professionnels\u00a0\u00bb, a indiqu\u00e9 M. Bentahar.<\/p>\n<p>\u00ab\u00a0Nous sommes en train de travailler la main dans la main pour nous pr\u00e9parer \u00e0 cette relance \u00f4 combien attendue par l\u2019ensemble des professionnels\u00a0\u00bb, a-t-il soutenu.<\/p>\n<p>Un Contrat-programme pour la relance du secteur touristique, couvrant la p\u00e9riode 2020-2022, a \u00e9t\u00e9 sign\u00e9, en ao\u00fbt dernier \u00e0 Rabat, dans le but de soutenir et relancer le secteur dans la phase post Covid-19.<\/p>\n<p>Sign\u00e9 en marge de la 9\u00e8me r\u00e9union du Comit\u00e9 de veille \u00e9conomique (CVE), ce contrat-programme, qui comprend un ensemble de mesures d\u2019accompagnement en faveur de ce secteur cl\u00e9 de l\u2019\u00e9conomie nationale, ambitionne de donner une forte impulsion au secteur et d\u2019insuffler une nouvelle dynamique pour accompagner sa relance, sa transformation et la diversification de sa cha\u00eene de valeur.<\/p>\n<p>Ce contrat programme, qui vise \u00e0 contractualiser les engagements r\u00e9ciproques du secteur public et du secteur priv\u00e9, a \u00e9t\u00e9 conclu, d\u2019une part, par l\u2019Etat repr\u00e9sent\u00e9 par le minist\u00e8re de l\u2019Economie, des Finances et de la R\u00e9forme de l\u2019Administration, le minist\u00e8re du Tourisme, de l\u2019Artisanat, du Transport A\u00e9rien et de l\u2019Economie Sociale, le minist\u00e8re du Travail et de l\u2019Insertion Professionnelle et, d\u2019autre part, par le secteur priv\u00e9 repr\u00e9sent\u00e9 par la Conf\u00e9d\u00e9ration Nationale du Tourisme (CNT) et le Groupement Professionnel des Banques du Maroc (GPBM).<\/p>\n<\/div>\n<p>Auteur: Meriem IGASS<br \/>\n<a href=\"http:\/\/www.mapmarrakech.ma\/fr\/reunion-de-mme-fettah-alaoui-avec-les-professionnels-sur-la-situation-touristique\/\">Cliquez ici pour lire l&rsquo;article depuis sa source.<\/a><\/p>\n","protected":false},"excerpt":{"rendered":"<p>Marrakech \u2013 La situation du secteur touristique \u00e0 Marrakech, touch\u00e9 de plein fouet par la crise induite par la propagation de la pand\u00e9mie de la Covid-19, a \u00e9t\u00e9 au c\u0153ur d\u2019une r\u00e9union, vendredi dans la cit\u00e9 ocre, de la ministre du Tourisme, de l\u2019Artisanat, du Transport a\u00e9rien et de l\u2019Economie sociale, Mme Nadia Fettah Alaoui, [&hellip;]<\/p>\n","protected":false},"author":1788,"featured_media":0,"comment_status":"closed","ping_status":"closed","sticky":false,"template":"","format":"standard","meta":{"fifu_image_url":"","fifu_image_alt":"","footnotes":""},"categories":[54,76],"tags":[],"class_list":["post-98599","post","type-post","status-publish","format-standard","hentry","category-maroc","category-regions"],"_links":{"self":[{"href":"https:\/\/linitiative.ca\/International\/wp-json\/wp\/v2\/posts\/98599","targetHints":{"allow":["GET"]}}],"collection":[{"href":"https:\/\/linitiative.ca\/International\/wp-json\/wp\/v2\/posts"}],"about":[{"href":"https:\/\/linitiative.ca\/International\/wp-json\/wp\/v2\/types\/post"}],"author":[{"embeddable":true,"href":"https:\/\/linitiative.ca\/International\/wp-json\/wp\/v2\/users\/1788"}],"replies":[{"embeddable":true,"href":"https:\/\/linitiative.ca\/International\/wp-json\/wp\/v2\/comments?post=98599"}],"version-history":[{"count":0,"href":"https:\/\/linitiative.ca\/International\/wp-json\/wp\/v2\/posts\/98599\/revisions"}],"wp:attachment":[{"href":"https:\/\/linitiative.ca\/International\/wp-json\/wp\/v2\/media?parent=98599"}],"wp:term":[{"taxonomy":"category","embeddable":true,"href":"https:\/\/linitiative.ca\/International\/wp-json\/wp\/v2\/categories?post=98599"},{"taxonomy":"post_tag","embeddable":true,"href":"https:\/\/linitiative.ca\/International\/wp-json\/wp\/v2\/tags?post=98599"}],"curies":[{"name":"wp","href":"https:\/\/api.w.org\/{rel}","templated":true}]}}