{"id":98600,"date":"2020-09-11T18:30:32","date_gmt":"2020-09-11T22:30:32","guid":{"rendered":"https:\/\/linitiative.ca\/International\/formation-sur-les-nouvelles-pratiques-manageriales-a-lere-du-digital\/"},"modified":"2020-09-11T18:30:32","modified_gmt":"2020-09-11T22:30:32","slug":"formation-sur-les-nouvelles-pratiques-manageriales-a-lere-du-digital","status":"publish","type":"post","link":"https:\/\/linitiative.ca\/International\/formation-sur-les-nouvelles-pratiques-manageriales-a-lere-du-digital\/","title":{"rendered":"Formation sur les nouvelles pratiques manag\u00e9riales \u00e0 l\u2019\u00e8re du digital"},"content":{"rendered":"<div readability=\"37\">\n<p>Essaouira \u2013 Une session de formation portant sur \u00ab\u00a0les nouvelles pratiques manag\u00e9riales \u00e0 l\u2019\u00e8re du digital\u00a0\u00bb, a \u00e9t\u00e9 organis\u00e9e du 08 au 11 septembre \u00e0 Essaouira, avec pour objectif de renforcer les capacit\u00e9s et comp\u00e9tences professionnelles des jeunes entrepreneurs de la cit\u00e9 des Aliz\u00e9s.<\/p>\n<\/div>\n<div readability=\"92\">\n<p>Initi\u00e9 conjointement par le Centre International de Recherche et de Renforcement des Capacit\u00e9s (CI2RC) relevant de l\u2019Ecole Sup\u00e9rieure de Technologie (EST) d\u2019Essaouira et la Fondation allemande Friedrich Naumann pour la libert\u00e9, en collaboration avec la commune urbaine d\u2019Essaouira, ce cycle de formation vise \u00e0 initier les participants aux bonnes pratiques manag\u00e9riales, renforcer les comp\u00e9tences en e-Commerce et marketing digital des participants surtout, en cette p\u00e9riode de crise sanitaire.<\/p>\n<p>Il s\u2019agit aussi de booster leurs esprits de leadership, sensibiliser les participants \u00e0 s\u2019investir dans le secteur formel et d\u00e9velopper leurs comp\u00e9tences en informatique et communication.<\/p>\n<p>Intervenant lors de cette formation , le Secr\u00e9taire g\u00e9n\u00e9ral de l\u2019ESTE, Pr. Hadach Mohamed, a indiqu\u00e9 que cette session de formation s\u2019inscrit dans le cadre des efforts et des actions men\u00e9s par l\u2019universit\u00e9 et ses partenaires en vue de renforcer les comp\u00e9tences de la population locale, soulignant l\u2019importance primordiale et les incidences positives de la formation sur le parcours professionnel et entrepreneurial, surtout en cette p\u00e9riode de la crise sanitaire induite par la propagation de la pand\u00e9mie du coronavirus.<\/p>\n<p>De son c\u00f4t\u00e9, la pr\u00e9sidente du CI2RC, Pr. Kholoud Kahime, a indiqu\u00e9 que le Centre, en partenariat avec la Fondation Friedrich Naumann pour la libert\u00e9 et la Commune urbaine d\u2019Essaouira, s\u2019engagent dans une dynamique structur\u00e9e et dans une strat\u00e9gie de d\u00e9veloppement de la ville, dans le but de contribuer au renforcement des capacit\u00e9s de l\u2019ensemble des parties prenantes au niveau de la cit\u00e9 des Aliz\u00e9s, \u00e0 travers l\u2019adoption d\u2019une approche p\u00e9dagogique nouvelle, bas\u00e9e sur l\u2019innovation des m\u00e9thodes d\u2019apprentissage.<\/p>\n<p>Mme Kahime a, en outre, relev\u00e9 que cette formation a \u00e9t\u00e9 scind\u00e9e en plusieurs ateliers-modules, qui traitent de plusieurs th\u00e8matiques se rapportant \u00e0 la \u00ab\u00a0Communication professionnelle\u00a0\u00bb, aux \u00ab\u00a0e-commerce\u00a0\u00bb, au \u00ab\u00a0Marketing digital\u00a0\u00bb et \u00e0 \u00ab\u00a0l\u2019informatique de gestion\u00a0\u00bb.<\/p>\n<p>Ainsi, le CI2RC innove sans rel\u00e2che et raffermit ainsi son positionnement r\u00e9gional, s\u2019est f\u00e9licit\u00e9e Mme Kahime, ajoutant que cette structure entend devenir un \u00ab\u00a0Smart\u00a0\u00bb Centre visible et exemplaire, socialement responsable et engag\u00e9, et pivot de son environnement \u00e9conomique, r\u00e9gional et national.<\/p>\n<p>Anim\u00e9e par un parterre de professeurs issus de l\u2019EST- Essaouira, cette formation s\u2019est d\u00e9roul\u00e9e dans le respect strict des mesures pr\u00e9ventives et sanitaires d\u00e9cr\u00e9t\u00e9es par les autorit\u00e9s comp\u00e9tentes en vue de lutter efficacement contre la propagation de la pand\u00e9mie du nouveau coronavirus (Covid-19).<\/p>\n<\/div>\n<p>Auteur: Meriem IGASS<br \/>\n<a href=\"http:\/\/www.mapmarrakech.ma\/fr\/session-de-formation-sur-les-nouvelles-pratiques-manageriales-a-lere-du-digital\/\">Cliquez ici pour lire l&rsquo;article depuis sa source.<\/a><\/p>\n","protected":false},"excerpt":{"rendered":"<p>Essaouira \u2013 Une session de formation portant sur \u00ab\u00a0les nouvelles pratiques manag\u00e9riales \u00e0 l\u2019\u00e8re du digital\u00a0\u00bb, a \u00e9t\u00e9 organis\u00e9e du 08 au 11 septembre \u00e0 Essaouira, avec pour objectif de renforcer les capacit\u00e9s et comp\u00e9tences professionnelles des jeunes entrepreneurs de la cit\u00e9 des Aliz\u00e9s. Initi\u00e9 conjointement par le Centre International de Recherche et de Renforcement [&hellip;]<\/p>\n","protected":false},"author":1788,"featured_media":0,"comment_status":"closed","ping_status":"closed","sticky":false,"template":"","format":"standard","meta":{"fifu_image_url":"","fifu_image_alt":"","footnotes":""},"categories":[54,76],"tags":[],"class_list":["post-98600","post","type-post","status-publish","format-standard","hentry","category-maroc","category-regions"],"_links":{"self":[{"href":"https:\/\/linitiative.ca\/International\/wp-json\/wp\/v2\/posts\/98600","targetHints":{"allow":["GET"]}}],"collection":[{"href":"https:\/\/linitiative.ca\/International\/wp-json\/wp\/v2\/posts"}],"about":[{"href":"https:\/\/linitiative.ca\/International\/wp-json\/wp\/v2\/types\/post"}],"author":[{"embeddable":true,"href":"https:\/\/linitiative.ca\/International\/wp-json\/wp\/v2\/users\/1788"}],"replies":[{"embeddable":true,"href":"https:\/\/linitiative.ca\/International\/wp-json\/wp\/v2\/comments?post=98600"}],"version-history":[{"count":0,"href":"https:\/\/linitiative.ca\/International\/wp-json\/wp\/v2\/posts\/98600\/revisions"}],"wp:attachment":[{"href":"https:\/\/linitiative.ca\/International\/wp-json\/wp\/v2\/media?parent=98600"}],"wp:term":[{"taxonomy":"category","embeddable":true,"href":"https:\/\/linitiative.ca\/International\/wp-json\/wp\/v2\/categories?post=98600"},{"taxonomy":"post_tag","embeddable":true,"href":"https:\/\/linitiative.ca\/International\/wp-json\/wp\/v2\/tags?post=98600"}],"curies":[{"name":"wp","href":"https:\/\/api.w.org\/{rel}","templated":true}]}}