{"id":98601,"date":"2020-09-11T19:28:11","date_gmt":"2020-09-11T23:28:11","guid":{"rendered":"https:\/\/linitiative.ca\/International\/la-gestion-territoriale-et-la-covid-19-au-coeur-des-debats-a-essaouira\/"},"modified":"2020-09-11T19:28:11","modified_gmt":"2020-09-11T23:28:11","slug":"la-gestion-territoriale-et-la-covid-19-au-coeur-des-debats-a-essaouira","status":"publish","type":"post","link":"https:\/\/linitiative.ca\/International\/la-gestion-territoriale-et-la-covid-19-au-coeur-des-debats-a-essaouira\/","title":{"rendered":"La gestion territoriale et la Covid-19, au coeur des d\u00e9bats \u00e0 Essaouira"},"content":{"rendered":"<div readability=\"36\">\n<p>Essaouira \u2013 \u00ab\u00a0La gestion territoriale et Covid-19 : Quelle articulation pour la ville d\u2019Essaouira\u00a0\u00bb a \u00e9t\u00e9 le th\u00e8me d\u2019une rencontre organis\u00e9e r\u00e9cemment dans la cit\u00e9 des Aliz\u00e9s, \u00e0 l\u2019initiative du Centre International de Recherche et de Renforcement de Capacit\u00e9s (C2RC) relevant de l\u2019Ecole Sup\u00e9rieure de Technologie (ESTE) de la ville.<\/p>\n<\/div>\n<div readability=\"116\">\n<p>Organis\u00e9 conjointement avec la Fondation Friedrich Naumann pour la libert\u00e9, et en collaboration avec la commune d\u2019Essaouira, ce conclave se fixait pour objectif d\u2019engager les d\u00e9bats entre diff\u00e9rents acteurs (services ext\u00e9rieurs, soci\u00e9t\u00e9 civile\u2026.) autour des efforts d\u00e9ploy\u00e9s au niveau de la ville d\u2019Essaouira pour la gestion de la crise sanitaire induite par le nouveau coronavirus durant la p\u00e9riode de confinement comme durant la p\u00e9riode post-crise, surtout pour la relance socio-\u00e9conomique de la cit\u00e9 des Aliz\u00e9s.<\/p>\n<p>S\u2019exprimant \u00e0 cette occasion, Mme Kholoud Kahime, pr\u00e9sidente du Centre International de Recherche et de Renforcement des Capacit\u00e9s, a donn\u00e9 un aper\u00e7u sur la situation \u00e9pid\u00e9miologique li\u00e9e \u00e0 la Covid-19 sur les plans international, national et r\u00e9gional, avec un focus sur la situation au niveau d\u2019Essaouira.<\/p>\n<p>Dans ce sens, Mme Kahime a insist\u00e9 sur la n\u00e9cessit\u00e9 de mener une bonne communication avec les citoyens, afin de mieux les sensibiliser sur les dangers de cette pand\u00e9mie et par l\u00e0, sur l\u2019imp\u00e9ratif de respecter m\u00e9ticuleusement les mesures barri\u00e8res \u00e0 m\u00eame d\u2019endiguer la propagation de la pand\u00e9mie.<\/p>\n<p>De son c\u00f4t\u00e9, le tr\u00e9sorier provincial d\u2019Essaouira, M. Sebtiri Hassan, chiffres \u00e0 l\u2019appui, a mis l\u2019accent sur l\u2019impact de la pand\u00e9mie sur l\u2019\u00e9conomie de la ville, avec un focus sur certains secteurs strat\u00e9giques pour la ville, qui ont \u00e9t\u00e9 lourdement impact\u00e9s par cette crise sanitaire, \u00e0 l\u2019image du tourisme.<\/p>\n<p>Dans son expos\u00e9, il a relev\u00e9 que les investissements des collectivit\u00e9s locales constituent un \u00e9l\u00e9ment fondamental de la gestion \u00e9conomique des territoires, notant que cette pand\u00e9mie a eu un impact consid\u00e9rable sur le budget de fonctionnement, et par ricochet sur le budget d\u2019investissement.<\/p>\n<p>Mme Meriem Ait Oufkir de l\u2019Agence Urbaine a pr\u00e9sent\u00e9 une \u00e9tude sur la vie \u00e0 Essaouira avant, pendant et apr\u00e8s le confinement, dans laquelle elle a pr\u00e9sent\u00e9 des exp\u00e9riences v\u00e9cues par la population : solidarit\u00e9 entre habitants, histoire des touristes \u00e9trangers rest\u00e9s bloqu\u00e9s dans la ville apr\u00e8s la fermeture des fronti\u00e8res, et les actions de solidarit\u00e9 des autochtones avec eux\u2026.etc.<\/p>\n<p>Le directeur de la commune d\u2019Essaouira, Khalid Laaouane, a mis l\u2019accent, quant \u00e0 lui, sur l\u2019impact sociopsychologique de la pand\u00e9mie, rappelant que cette crise a eu des effets n\u00e9fastes sur la psychologie des personnes (stress, panique de la peur, troubles de sommeil\u2026).<\/p>\n<p>\u00ab\u00a0Le confinement \u00e0 Essaouira a eu un impact psychologique global sur la population connue par sa s\u00e9r\u00e9nit\u00e9 et son calme\u00a0\u00bb, a-t-il dit, d\u00e9plorant le fait que la pand\u00e9mie de la Covid-19 a engendr\u00e9 une certaine psychose chez les familles \u00e0 Essaouira, surtout celles issues de milieux d\u00e9favoris\u00e9s.<\/p>\n<p>Cette crise, a-t-il expliqu\u00e9, a montr\u00e9 que le \u00ab\u00a0Social\u00a0\u00bb peut \u00eatre un d\u00e9clencheur pour une solidarit\u00e9 effective au sein de la soci\u00e9t\u00e9, notant que pendant le confinement, la commune d\u2019Essaouira a pris l\u2019initiative, \u00e0 titre d\u2019exemple, de loger les sans-abris dans la salle couverte pendant une p\u00e9riode de deux mois.<\/p>\n<\/div>\n<p>Auteur: Meriem IGASS<br \/>\n<a href=\"http:\/\/www.mapmarrakech.ma\/fr\/la-gestion-territoriale-et-la-covid-19-au-coeur-des-debats-a-essaouira\/\">Cliquez ici pour lire l&rsquo;article depuis sa source.<\/a><\/p>\n","protected":false},"excerpt":{"rendered":"<p>Essaouira \u2013 \u00ab\u00a0La gestion territoriale et Covid-19 : Quelle articulation pour la ville d\u2019Essaouira\u00a0\u00bb a \u00e9t\u00e9 le th\u00e8me d\u2019une rencontre organis\u00e9e r\u00e9cemment dans la cit\u00e9 des Aliz\u00e9s, \u00e0 l\u2019initiative du Centre International de Recherche et de Renforcement de Capacit\u00e9s (C2RC) relevant de l\u2019Ecole Sup\u00e9rieure de Technologie (ESTE) de la ville. Organis\u00e9 conjointement avec la Fondation [&hellip;]<\/p>\n","protected":false},"author":1788,"featured_media":0,"comment_status":"closed","ping_status":"closed","sticky":false,"template":"","format":"standard","meta":{"fifu_image_url":"","fifu_image_alt":"","footnotes":""},"categories":[54,76],"tags":[],"class_list":["post-98601","post","type-post","status-publish","format-standard","hentry","category-maroc","category-regions"],"_links":{"self":[{"href":"https:\/\/linitiative.ca\/International\/wp-json\/wp\/v2\/posts\/98601","targetHints":{"allow":["GET"]}}],"collection":[{"href":"https:\/\/linitiative.ca\/International\/wp-json\/wp\/v2\/posts"}],"about":[{"href":"https:\/\/linitiative.ca\/International\/wp-json\/wp\/v2\/types\/post"}],"author":[{"embeddable":true,"href":"https:\/\/linitiative.ca\/International\/wp-json\/wp\/v2\/users\/1788"}],"replies":[{"embeddable":true,"href":"https:\/\/linitiative.ca\/International\/wp-json\/wp\/v2\/comments?post=98601"}],"version-history":[{"count":0,"href":"https:\/\/linitiative.ca\/International\/wp-json\/wp\/v2\/posts\/98601\/revisions"}],"wp:attachment":[{"href":"https:\/\/linitiative.ca\/International\/wp-json\/wp\/v2\/media?parent=98601"}],"wp:term":[{"taxonomy":"category","embeddable":true,"href":"https:\/\/linitiative.ca\/International\/wp-json\/wp\/v2\/categories?post=98601"},{"taxonomy":"post_tag","embeddable":true,"href":"https:\/\/linitiative.ca\/International\/wp-json\/wp\/v2\/tags?post=98601"}],"curies":[{"name":"wp","href":"https:\/\/api.w.org\/{rel}","templated":true}]}}