{"id":98604,"date":"2020-09-12T12:03:35","date_gmt":"2020-09-12T16:03:35","guid":{"rendered":"https:\/\/linitiative.ca\/International\/tindouf-plusieurs-actions-pour-la-preservation-de-larganier\/"},"modified":"2020-09-12T12:03:35","modified_gmt":"2020-09-12T16:03:35","slug":"tindouf-plusieurs-actions-pour-la-preservation-de-larganier","status":"publish","type":"post","link":"https:\/\/linitiative.ca\/International\/tindouf-plusieurs-actions-pour-la-preservation-de-larganier\/","title":{"rendered":"Tindouf: plusieurs actions pour la pr\u00e9servation de l\u2019arganier"},"content":{"rendered":"<div readability=\"36\">\n<p><strong>TINDOUF &#8211; Une s\u00e9rie de mesures et d&rsquo;actions visant la pr\u00e9servation de l\u2019arganier et l\u2019extension des superficies consacr\u00e9es \u00e0 cette esp\u00e8ce arboricole a \u00e9t\u00e9 lanc\u00e9e dans la wilaya de Tindouf par la Conservation des for\u00eats dans le cadre de la pr\u00e9servation et de la valorisation de cet arbre end\u00e9mique, a-t-on appris samedi des responsables de la Conservation des For\u00eats.<\/strong><\/p>\n<\/div>\n<div readability=\"74\">\n<p>Des suggestions ont \u00e9t\u00e9 adress\u00e9es par les services des for\u00eats de cette wilaya frontali\u00e8re aux instances centrales en vue de mettre en place une cellule charg\u00e9e de la protection et du d\u00e9veloppement de l\u2019arganier et la mise en d\u00e9fense des zones de son peuplement \u00e0 travers la promulgation de lois \u00e0 m\u00eame de r\u00e9soudre le probl\u00e8me de l\u2019impossibilit\u00e9 d\u2019une double classification en tant que r\u00e9serves du parc naturel de Tindouf et des zones end\u00e9miques de l\u2019arganier dans la r\u00e9gion, a expliqu\u00e9 le conservateur des for\u00eats par int\u00e9rim, Abdelmoumene Mouzaoui.<\/p>\n<blockquote readability=\"13\">\n<p><em><strong>Cette esp\u00e8ce demeure aussi en qu\u00eate d\u2019une \u00e9tude phytosanitaire pour rem\u00e9dier aux maladies parasitaires affectant cet arbre, en plus de l\u2019encouragement de l\u2019investissement dans son d\u00e9veloppement par la multiplication de p\u00e9pini\u00e8res pour l\u2019extension des superficies de l\u2019arganier, ainsi que le soutien de la femme rurale dans les activit\u00e9s d\u2019extraction, de mani\u00e8re traditionnelle, de l\u2019huile d\u2019arganier en vue de d\u00e9velopper l\u2019\u00e9cotourisme, a-t-il ajout\u00e9.<\/strong><\/em><\/p>\n<\/blockquote>\n<p>Selon une \u00e9tude de la Conservation des for\u00eats datant de 2013, le territoire de l\u2019arganier, qui s\u2019\u00e9tend sur plus de 672 hectares, dans une zone localis\u00e9e \u00e0 110 km au Nord-ouest de Tindouf, est peupl\u00e9 de 5.257 arbres, soit une densit\u00e9 de huit (8) arganiers \u00e0 l\u2019hectare, r\u00e9partis entre les zones de Touiref-Bou\u00e2m, Merkala et Targuanet.<\/p>\n<blockquote readability=\"11\">\n<p><em><strong>Cette plante est connue pour sa grande capacit\u00e9 d\u2019adaptation aux conditions climatiques et \u00e9co-syst\u00e9miques de la r\u00e9gion, en plus de constituer un moyen de lutte contre la d\u00e9sertification et un moyen de d\u00e9veloppement du couvert v\u00e9g\u00e9tal, en sus de ses retomb\u00e9es socio-\u00e9conomiques, dont l\u2019extraction de l\u2019huile d\u2019arganier aux grandes vertus th\u00e9rapeutiques et aux propri\u00e9t\u00e9s entrant dans la fabrication de produits cosm\u00e9tiques.<\/strong><\/em><\/p>\n<\/blockquote>\n<p>Les efforts de protection et de valorisation de cet arbre end\u00e9mique ont \u00e9galement donn\u00e9 lieu \u00e0 la r\u00e9alisation d\u2019un point de contr\u00f4le et d\u2019observation pour les gardes forestiers charg\u00e9s de la protection des for\u00eats, notamment la lutte contre l\u2019arrachage illicite et la d\u00e9forestation, ainsi que la r\u00e9alisation de forages et la plantation de cinq (5) ha de plants d\u2019arganier, a-t-on ajout\u00e9 \u00e0 la Conservation des For\u00eats.<\/p>\n<p>La Conservation a proc\u00e9d\u00e9, au titre de l\u2019exploitation agricole de cet arbre en tant que brise-vents, \u00e0 la remise aux agriculteurs de plus de 900 arbustes de cette esp\u00e8ce \u00e0 planter sur une superficie de neuf (9) ha, une op\u00e9ration renouvelable chaque ann\u00e9e sur des superficies allant de quatre (4) \u00e0 six (6) hectares. (APS)<\/p>\n<\/div>\n<p>Auteur:<br \/>\n<a href=\"http:\/\/www.aps.dz\/regions\/109622-tindouf-plusieurs-actions-pour-la-preservation-de-l-arganier\">Cliquez ici pour lire l&rsquo;article depuis sa source.<\/a><\/p>\n","protected":false},"excerpt":{"rendered":"<p>TINDOUF &#8211; Une s\u00e9rie de mesures et d&rsquo;actions visant la pr\u00e9servation de l\u2019arganier et l\u2019extension des superficies consacr\u00e9es \u00e0 cette esp\u00e8ce arboricole a \u00e9t\u00e9 lanc\u00e9e dans la wilaya de Tindouf par la Conservation des for\u00eats dans le cadre de la pr\u00e9servation et de la valorisation de cet arbre end\u00e9mique, a-t-on appris samedi des responsables de [&hellip;]<\/p>\n","protected":false},"author":1790,"featured_media":0,"comment_status":"closed","ping_status":"closed","sticky":false,"template":"","format":"standard","meta":{"fifu_image_url":"","fifu_image_alt":"","footnotes":""},"categories":[53,76],"tags":[],"class_list":["post-98604","post","type-post","status-publish","format-standard","hentry","category-algerie","category-regions"],"_links":{"self":[{"href":"https:\/\/linitiative.ca\/International\/wp-json\/wp\/v2\/posts\/98604","targetHints":{"allow":["GET"]}}],"collection":[{"href":"https:\/\/linitiative.ca\/International\/wp-json\/wp\/v2\/posts"}],"about":[{"href":"https:\/\/linitiative.ca\/International\/wp-json\/wp\/v2\/types\/post"}],"author":[{"embeddable":true,"href":"https:\/\/linitiative.ca\/International\/wp-json\/wp\/v2\/users\/1790"}],"replies":[{"embeddable":true,"href":"https:\/\/linitiative.ca\/International\/wp-json\/wp\/v2\/comments?post=98604"}],"version-history":[{"count":0,"href":"https:\/\/linitiative.ca\/International\/wp-json\/wp\/v2\/posts\/98604\/revisions"}],"wp:attachment":[{"href":"https:\/\/linitiative.ca\/International\/wp-json\/wp\/v2\/media?parent=98604"}],"wp:term":[{"taxonomy":"category","embeddable":true,"href":"https:\/\/linitiative.ca\/International\/wp-json\/wp\/v2\/categories?post=98604"},{"taxonomy":"post_tag","embeddable":true,"href":"https:\/\/linitiative.ca\/International\/wp-json\/wp\/v2\/tags?post=98604"}],"curies":[{"name":"wp","href":"https:\/\/api.w.org\/{rel}","templated":true}]}}