{"id":98605,"date":"2020-09-12T13:46:00","date_gmt":"2020-09-12T17:46:00","guid":{"rendered":"https:\/\/linitiative.ca\/International\/khenchela-distribution-de-8000-bavettes-aux-candidats-du-baccalaureat\/"},"modified":"2020-09-12T13:46:00","modified_gmt":"2020-09-12T17:46:00","slug":"khenchela-distribution-de-8000-bavettes-aux-candidats-du-baccalaureat","status":"publish","type":"post","link":"https:\/\/linitiative.ca\/International\/khenchela-distribution-de-8000-bavettes-aux-candidats-du-baccalaureat\/","title":{"rendered":"Khenchela: distribution de 8000 bavettes aux candidats du baccalaur\u00e9at"},"content":{"rendered":"<div readability=\"35\">\n<p><strong>KHENCHELA &#8211; Un quota de 8.000 bavettes a \u00e9t\u00e9 remis samedi aux services de la Direction de l\u2019\u00e9ducation de la wilaya de Khenchela en vue de sa distribution aux candidats du baccalaur\u00e9at \u00e0 l\u2019initiative de la Direction op\u00e9rationnelle locale de t\u00e9l\u00e9communication (DOT) d\u2019Alg\u00e9rie T\u00e9l\u00e9com (AT) et la Chambre locale de l\u2019artisanat et des m\u00e9tiers (CAM).<\/strong><\/p>\n<\/div>\n<div readability=\"60\">\n<p>Conform\u00e9ment \u00e0 la convention sign\u00e9e entre la Direction g\u00e9n\u00e9rale d\u2019Alg\u00e9rie T\u00e9l\u00e9com (DGAT) et la Chambre nationale de l\u2019artisanat, il a \u00e9t\u00e9 proc\u00e9d\u00e9 au financement d\u2019un atelier de confection de bavette, a indiqu\u00e9 \u00e0 l\u2019APS la responsable de l\u2019information aupr\u00e8s de la DOT d\u2019Alg\u00e9rie T\u00e9l\u00e9com, Nadia Charabane.<\/p>\n<p>Elle a dans ce sens d\u00e9taill\u00e9 que le financement a concern\u00e9 l\u2019acquisition des machines \u00e0 coudre et la fourniture de divers \u00e9quipements pour les mettre \u00e0 la disposition des artisanes charg\u00e9es de la confection des bavettes.<\/p>\n<p>Plusieurs dizaines d\u2019artisanes se sont port\u00e9es volontaires pour fabriquer pr\u00e8s de 11.000 bavettes, remises \u00e0 la Direction de l\u2019\u00e9ducation en vue de renforcer le protocole pr\u00e9ventif sanitaire lors des examens de fin d\u2019ann\u00e9e scolaire, a indiqu\u00e9 le directeur local de la CAM de Khenchela, Kamel Sayad, saluant l\u2019initiative de la soci\u00e9t\u00e9 d\u2019Alg\u00e9rie T\u00e9l\u00e9com.<\/p>\n<p>De son c\u00f4t\u00e9, le directeur de l\u2019\u00e9ducation, Mourad Messibah, a valoris\u00e9 l\u2019initiative des responsables d\u2019Alg\u00e9rie T\u00e9l\u00e9com, assurant que ce lot de bavettes permettra de couvrir les besoins pour l\u2019application des mesures pr\u00e9ventives de lutte contre le Covid-19 lors des \u00e9preuves du baccalaur\u00e9at.<\/p>\n<\/div>\n<p>Auteur:<br \/>\n<a href=\"http:\/\/www.aps.dz\/regions\/109631-khenchela-distribution-de-8000-bavettes-aux-candidats-du-baccalaureat\">Cliquez ici pour lire l&rsquo;article depuis sa source.<\/a><\/p>\n","protected":false},"excerpt":{"rendered":"<p>KHENCHELA &#8211; Un quota de 8.000 bavettes a \u00e9t\u00e9 remis samedi aux services de la Direction de l\u2019\u00e9ducation de la wilaya de Khenchela en vue de sa distribution aux candidats du baccalaur\u00e9at \u00e0 l\u2019initiative de la Direction op\u00e9rationnelle locale de t\u00e9l\u00e9communication (DOT) d\u2019Alg\u00e9rie T\u00e9l\u00e9com (AT) et la Chambre locale de l\u2019artisanat et des m\u00e9tiers (CAM). [&hellip;]<\/p>\n","protected":false},"author":1790,"featured_media":0,"comment_status":"closed","ping_status":"closed","sticky":false,"template":"","format":"standard","meta":{"fifu_image_url":"","fifu_image_alt":"","footnotes":""},"categories":[53,76],"tags":[],"class_list":["post-98605","post","type-post","status-publish","format-standard","hentry","category-algerie","category-regions"],"_links":{"self":[{"href":"https:\/\/linitiative.ca\/International\/wp-json\/wp\/v2\/posts\/98605","targetHints":{"allow":["GET"]}}],"collection":[{"href":"https:\/\/linitiative.ca\/International\/wp-json\/wp\/v2\/posts"}],"about":[{"href":"https:\/\/linitiative.ca\/International\/wp-json\/wp\/v2\/types\/post"}],"author":[{"embeddable":true,"href":"https:\/\/linitiative.ca\/International\/wp-json\/wp\/v2\/users\/1790"}],"replies":[{"embeddable":true,"href":"https:\/\/linitiative.ca\/International\/wp-json\/wp\/v2\/comments?post=98605"}],"version-history":[{"count":0,"href":"https:\/\/linitiative.ca\/International\/wp-json\/wp\/v2\/posts\/98605\/revisions"}],"wp:attachment":[{"href":"https:\/\/linitiative.ca\/International\/wp-json\/wp\/v2\/media?parent=98605"}],"wp:term":[{"taxonomy":"category","embeddable":true,"href":"https:\/\/linitiative.ca\/International\/wp-json\/wp\/v2\/categories?post=98605"},{"taxonomy":"post_tag","embeddable":true,"href":"https:\/\/linitiative.ca\/International\/wp-json\/wp\/v2\/tags?post=98605"}],"curies":[{"name":"wp","href":"https:\/\/api.w.org\/{rel}","templated":true}]}}