{"id":98606,"date":"2020-09-12T09:04:55","date_gmt":"2020-09-12T13:04:55","guid":{"rendered":"https:\/\/linitiative.ca\/International\/rentree-universitaire-trois-questions-au-president-de-lump\/"},"modified":"2020-09-12T09:04:55","modified_gmt":"2020-09-12T13:04:55","slug":"rentree-universitaire-trois-questions-au-president-de-lump","status":"publish","type":"post","link":"https:\/\/linitiative.ca\/International\/rentree-universitaire-trois-questions-au-president-de-lump\/","title":{"rendered":"Rentr\u00e9e universitaire : Trois questions au pr\u00e9sident de l\u2019UMP"},"content":{"rendered":"<p class=\"c4\">Le pr\u00e9sident de l\u2019Universit\u00e9 Mohammed Premier (UMP) d\u2019Oujda, Yassine Zarhloule, apporte, dans un entretien \u00e0 la MAP, des \u00e9l\u00e9ments de r\u00e9ponse \u00e0 certains d\u00e9fis li\u00e9s \u00e0 la nouvelle rentr\u00e9e universitaire dans un contexte particulier marqu\u00e9 par la lutte contre le nouveau coronavirus (Covid-19).<\/p>\n<p class=\"c4\">Il expose aussi la vision de l\u2019UMP quant \u00e0 la gestion p\u00e9dagogique et sanitaire de cette p\u00e9riode qui co\u00efncide avec l\u2019organisation des examens de la session normale de printemps au titre de l\u2019ann\u00e9e universitaire 2019-2020.<\/p>\n<p class=\"c4\"><strong>1- Face aux d\u00e9fis de la pand\u00e9mie du Covid-19, comment s\u2019organise l\u2019UMP pour assurer une rentr\u00e9e universitaire dans le strict respect des conditions d\u2019efficacit\u00e9 p\u00e9dagogique et de s\u00e9curit\u00e9 sanitaire ?<\/strong><\/p>\n<p class=\"c4\">Il est incontestable que l\u2019actuelle rentr\u00e9e universitaire rev\u00eat un aspect tr\u00e8s particulier en raison des d\u00e9fis majeurs que pose la pand\u00e9mie du nouveau coronavirus qui s\u2019est propag\u00e9e dans le monde entier.<\/p>\n<p class=\"c4\">Ainsi, cette situation exceptionnelle requiert imp\u00e9rativement des mesures sp\u00e9cifiques pour assurer une rentr\u00e9e universitaire s\u00fbre qui offre aux \u00e9tudiants et aux enseignants les conditions p\u00e9dagogiques favorables pour une formation de qualit\u00e9 dans le respect total des mesures sanitaires pr\u00e9ventives, \u00e0 savoir la distanciation physique, la d\u00e9sinfection continue des mains et de tous les espaces de l\u2019universit\u00e9, et le port obligatoire de masques de protection.<\/p>\n<p class=\"c4\">Et pour concilier les deux objectifs (formation\/sant\u00e9), l\u2019UMP d\u2019Oujda, en coordination avec les pr\u00e9sidents des diff\u00e9rents \u00e9tablissements qui la composent, a \u00e9tabli une s\u00e9rie de sc\u00e9narii possibles qui tiennent compte de la nature des facult\u00e9s, des fili\u00e8res et des mati\u00e8res.<\/p>\n<p class=\"c4\">Ces sc\u00e9narios pr\u00e9voient l\u2019adoption de l\u2019enseignement pr\u00e9sentiel avec des effectifs r\u00e9duits pour les mati\u00e8res scientifiques qui exigent ce mod\u00e8le, l\u2019enseignement \u00e0 distance pour les autres mati\u00e8res, et dans un troisi\u00e8me cas l\u2019alternance entre les deux modes.<\/p>\n<p class=\"c4\">Concernant l\u2019enseignement \u00e0 distance, les \u00e9tablissements ont \u00e9t\u00e9 \u00e9quip\u00e9s des ressources et outils p\u00e9dagogiques n\u00e9cessaires, et les mesures et dispositions prises \u00e0 cet effet seront d\u00e9voil\u00e9es apr\u00e8s le d\u00e9roulement des examens report\u00e9s de la session de printemps (2019-2020), sachant que les pr\u00e9paratifs pour une rentr\u00e9e universitaire 2020-2021 r\u00e9ussie se poursuivent avec une attention particuli\u00e8re accord\u00e9e \u00e0 la pr\u00e9servation de la sant\u00e9 des \u00e9tudiants et du corps \u00e9ducatif et administratif.<\/p>\n<p class=\"c4\"><strong>2- Nombre d\u2019\u00e9tudiants de l\u2019UMP \u00e9voquent des probl\u00e9matiques complexes en cette p\u00e9riode exceptionnelle, notamment la massification, l\u2019h\u00e9bergement et la restauration. Comment les rassurer?<\/strong><\/p>\n<p class=\"c4\">C\u2019est vrai que le nombre \u00e9lev\u00e9 d\u2019\u00e9tudiants, surtout dans les \u00e9tablissements universitaires \u00e0 acc\u00e8s ouvert, pose un s\u00e9rieux probl\u00e8me pour l\u2019enseignement pr\u00e9sentiel, et c\u2019est pour cette raison que la pr\u00e9sidence de l\u2019universit\u00e9 s\u2019emploie, avec les pr\u00e9sidents des \u00e9tablissements universitaires, \u00e0 pr\u00e9parer les sc\u00e9narios sp\u00e9cifiques \u00e0 chaque \u00e9tablissement et les conditions de r\u00e9ussite de la nouvelle rentr\u00e9e.<\/p>\n<p class=\"c4\">Il y a des fili\u00e8res et des cours qui n\u00e9cessitent l\u2019enseignement pr\u00e9sentiel, comme c\u2019est le cas de certaines mati\u00e8res scientifiques et des travaux pratiques, d\u2019o\u00f9 la d\u00e9cision de recourir au travail par groupes r\u00e9duits d\u2019\u00e9tudiants afin de respecter les mesures pr\u00e9ventives pendant les s\u00e9ances de formation, tandis que pour les autres mati\u00e8res qui ne n\u00e9cessitent pas le pr\u00e9sentiel, un accord sera trouv\u00e9 entre l\u2019\u00e9tablissement et les \u00e9tudiants pour choisir soit le mode d\u2019enseignement \u00e0 distance soit l\u2019alternance entre le pr\u00e9sentiel et \u00e0 distance.<\/p>\n<p class=\"c4\">S\u2019agissant de l\u2019h\u00e9bergement et la restauration, la d\u00e9cision revient aux cit\u00e9s universitaires qui ont le devoir de coordonner \u00e0 ce sujet avec les parties comp\u00e9tentes et les autorit\u00e9s locales pour \u00e9viter la propagation de la pand\u00e9mie parmi les \u00e9tudiants. Et dans tous les cas, il sera proc\u00e9d\u00e9 \u00e0 l\u2019adoption d\u2019une approche qui tient compte de l\u2019int\u00e9r\u00eat g\u00e9n\u00e9ral et des attentes des \u00e9tudiants, et qui garantit la pr\u00e9servation de la s\u00e9curit\u00e9 sanitaire.<\/p>\n<p class=\"c4\"><strong>3- Quelles sont les mesures prises pour le bon d\u00e9roulement des examens report\u00e9s de la session de printemps et la protection de la sant\u00e9 des \u00e9tudiants?<\/strong><\/p>\n<p class=\"c4\">L\u2019UMP a pris une panoplie de mesures et mis en place 14 centres d\u2019examen de proximit\u00e9 pour \u00e9viter tout risque de contamination des \u00e9tudiants, personnel et enseignants et en vue de faciliter l\u2019op\u00e9ration de passation des examens pour tous les \u00e9tablissements \u00e0 acc\u00e8s ouvert.<\/p>\n<p class=\"c4\">Ces examens report\u00e9s de la session normale de printemps ont bien d\u00e9but\u00e9 lundi dernier au niveau de la facult\u00e9 des Sciences dans des conditions normales et vont se poursuivre la semaine prochaine pour la facult\u00e9 des Lettres, et puis la facult\u00e9 des Sciences juridiques, \u00e9conomiques et sociale \u00e0 partir du 28 septembre.<\/p>\n<p class=\"c4\">Les centres d\u2019examen de proximit\u00e9 ont \u00e9t\u00e9 soigneusement choisis au niveau des diff\u00e9rentes provinces de la r\u00e9gion de l\u2019Oriental, en plus de la province d\u2019Al Hoceima, et ce en parfaite coordination avec les gouverneurs et les autorit\u00e9s locales afin de permettre aux \u00e9tudiants de passer leurs examens dans des conditions ad\u00e9quates et dans le respect total et le plus strict des mesures de pr\u00e9vention contre le coronavirus.<\/p>\n<p class=\"c4\">Cette d\u00e9marche exceptionnelle a \u00e9t\u00e9 entreprise en tenant compte des circonstances exceptionnelles li\u00e9es \u00e0 la pand\u00e9mie de la Covid-19 que traverse le Royaume, et dans le souci de pr\u00e9server la sant\u00e9 des \u00e9tudiants et du staff administratif et p\u00e9dagogique.<\/p>\n<p class=\"c4\">L\u2019UMP demeure fortement mobilis\u00e9e pour assurer le bon d\u00e9roulement des examens et le plein succ\u00e8s de la rentr\u00e9e universitaire, dans le respect strict des mesures et proc\u00e9dures en vigueur.<\/p>\n<p>Auteur: Soufiane ELAHMAR<br \/>\n<a href=\"http:\/\/www.mapoujda.ma\/fr\/rentree-universitaire-trois-questions-au-president-de-lump\/\">Cliquez ici pour lire l&rsquo;article depuis sa source.<\/a><\/p>\n","protected":false},"excerpt":{"rendered":"<p>Le pr\u00e9sident de l\u2019Universit\u00e9 Mohammed Premier (UMP) d\u2019Oujda, Yassine Zarhloule, apporte, dans un entretien \u00e0 la MAP, des \u00e9l\u00e9ments de r\u00e9ponse \u00e0 certains d\u00e9fis li\u00e9s \u00e0 la nouvelle rentr\u00e9e universitaire dans un contexte particulier marqu\u00e9 par la lutte contre le nouveau coronavirus (Covid-19). Il expose aussi la vision de l\u2019UMP quant \u00e0 la gestion p\u00e9dagogique [&hellip;]<\/p>\n","protected":false},"author":1788,"featured_media":0,"comment_status":"closed","ping_status":"closed","sticky":false,"template":"","format":"standard","meta":{"fifu_image_url":"","fifu_image_alt":"","footnotes":""},"categories":[54,76],"tags":[],"class_list":["post-98606","post","type-post","status-publish","format-standard","hentry","category-maroc","category-regions"],"_links":{"self":[{"href":"https:\/\/linitiative.ca\/International\/wp-json\/wp\/v2\/posts\/98606","targetHints":{"allow":["GET"]}}],"collection":[{"href":"https:\/\/linitiative.ca\/International\/wp-json\/wp\/v2\/posts"}],"about":[{"href":"https:\/\/linitiative.ca\/International\/wp-json\/wp\/v2\/types\/post"}],"author":[{"embeddable":true,"href":"https:\/\/linitiative.ca\/International\/wp-json\/wp\/v2\/users\/1788"}],"replies":[{"embeddable":true,"href":"https:\/\/linitiative.ca\/International\/wp-json\/wp\/v2\/comments?post=98606"}],"version-history":[{"count":0,"href":"https:\/\/linitiative.ca\/International\/wp-json\/wp\/v2\/posts\/98606\/revisions"}],"wp:attachment":[{"href":"https:\/\/linitiative.ca\/International\/wp-json\/wp\/v2\/media?parent=98606"}],"wp:term":[{"taxonomy":"category","embeddable":true,"href":"https:\/\/linitiative.ca\/International\/wp-json\/wp\/v2\/categories?post=98606"},{"taxonomy":"post_tag","embeddable":true,"href":"https:\/\/linitiative.ca\/International\/wp-json\/wp\/v2\/tags?post=98606"}],"curies":[{"name":"wp","href":"https:\/\/api.w.org\/{rel}","templated":true}]}}