{"id":98607,"date":"2020-09-12T14:53:14","date_gmt":"2020-09-12T18:53:14","guid":{"rendered":"https:\/\/linitiative.ca\/International\/e-learning-les-enseignants-aussi-en-apprentissage\/"},"modified":"2020-09-12T14:53:14","modified_gmt":"2020-09-12T18:53:14","slug":"e-learning-les-enseignants-aussi-en-apprentissage","status":"publish","type":"post","link":"https:\/\/linitiative.ca\/International\/e-learning-les-enseignants-aussi-en-apprentissage\/","title":{"rendered":"E-learning: Les enseignants aussi en apprentissage"},"content":{"rendered":"<p class=\"rtejustify\">Lors du confinement, les enseignants, qu\u2019ils soient novices ou exp\u00e9riment\u00e9s, n\u2019ont eu que quelques jours pour s\u2019adapter \u00e0 l\u2019enseignement \u00e0 distance. Pour cette rentr\u00e9e et face \u00e0 l\u2019\u00e9volution de la situation \u00e9pid\u00e9miologique dans le pays, l\u2019enseignement hybride est devenu la r\u00e8gle.<\/p>\n<div class=\"dnd-atom-wrapper type-image context-sdl_editor_representation\" contenteditable=\"false\">\n<div class=\"dnd-drop-wrapper\">\n<div class=\"image\"><img loading=\"lazy\" decoding=\"async\" typeof=\"foaf:Image\" class=\"img-responsive\" src=\"https:\/\/www.leconomiste.com\/sites\/default\/files\/eco7\/public\/thumbnails\/image\/enseignants-en-ligne-041.jpg\" width=\"660\" height=\"330\" alt=\"enseignants-en-ligne-041.jpg\" title=\"enseignants-en-ligne-041.jpg\"\/><\/div>\n<\/div>\n<\/div>\n<p class=\"rtejustify\">Afin d\u2019assurer une continuit\u00e9 p\u00e9dagogique efficace et efficiente, plusieurs \u00e9coles sup\u00e9rieures et universit\u00e9s ont mis en place des programmes de formation acc\u00e9l\u00e9r\u00e9s en faveur de leurs enseignants pour renforcer leurs connaissances techniques et booster la production de contenus et de supports num\u00e9riques.<\/p>\n<p class=\"rtejustify\">\u00abUn comit\u00e9 de pilotage a \u00e9t\u00e9 constitu\u00e9 au niveau de la pr\u00e9sidence de l\u2019universit\u00e9 Hassan II de Casablanca en collaboration avec les chefs des \u00e9tablissements de l\u2019universit\u00e9 et la Commission des SI relevant du conseil. Il coordonne au quotidien\u00a0 les cellules e-Learning locales de chaque \u00e9tablissement et assure l\u2019accompagnement et la formation\u00a0 des enseignants\u00bb, souligne Aawatif Hayar, pr\u00e9sidente de l\u2019UH2C.<\/p>\n<p class=\"rtejustify\">\u00abNous d\u00e9ployons de nombreuses formations sur la p\u00e9dagogie. Notre objectif est de doter nos enseignants et notre staff de nouvelles comp\u00e9tences et de la ma\u00eetrise d\u2019outils p\u00e9dagogiques et technologiques facilitateurs\u00bb, indique Thami Ghorfi, patron de l\u2019Esca.<\/p>\n<p class=\"rtejustify\">Du c\u00f4t\u00e9 du groupe HEM, un programme de formation de tous les enseignants \u00e0 l\u2019utilisation de la plateforme \u00abTeams Class\u00bb a \u00e9t\u00e9 mis en place avec le soutien du r\u00e9seau LCI Education. Des capsules formatives sur l\u2019utilisation de la plateforme sont \u00e9galement fournies \u00e0 tous les \u00e9tudiants. \u00abNous avons pr\u00e9vu, tout au long du premier trimestre de cette rentr\u00e9e des ateliers de formations destin\u00e9s aux enseignants\u00bb, indique Hassan Sayegh, DG de HEM.<\/p>\n<p class=\"rtejustify\">En \u00e9cole d\u2019ing\u00e9nierie, les professeurs sont davantage familiaris\u00e9s \u00e0 ce genre d\u2019outils technologiques. Cela n\u2019emp\u00eache, afin de bien ma\u00eetriser les nouvelles plateformes, une formation est requise. \u00abIl va sans dire qu\u2019une technologie n\u2019est efficace que si les utilisateurs ont les comp\u00e9tences idoines pour en faire un bon usage. De ce fait, la mise en place de la plateforme d\u2019enseignement \u00e0 distance s\u2019est accompagn\u00e9e d\u2019une formation au pr\u00e9alable de ses utilisateurs\u00bb, pr\u00e9cise Mohamed Diouri, fondateur des \u00e9coles ISGA. A chaque mise \u00e0 jour de la plateforme, l\u2019\u00e9cole pr\u00e9voit une formation compl\u00e9mentaire des op\u00e9rateurs.<\/p>\n<p class=\"rtejustify\"><em>Tilila EL GHOUARI<\/em><\/p>\n<p class=\"rtejustify\">\u00a0<\/p>\n<p>Auteur: hlafriqi<br \/>\n<a href=\"https:\/\/www.leconomiste.com\/article\/1067059-e-learning-les-enseignants-aussi-en-apprentissage\">Cliquez ici pour lire l&rsquo;article depuis sa source.<\/a><\/p>\n","protected":false},"excerpt":{"rendered":"<p>Lors du confinement, les enseignants, qu\u2019ils soient novices ou exp\u00e9riment\u00e9s, n\u2019ont eu que quelques jours pour s\u2019adapter \u00e0 l\u2019enseignement \u00e0 distance. Pour cette rentr\u00e9e et face \u00e0 l\u2019\u00e9volution de la situation \u00e9pid\u00e9miologique dans le pays, l\u2019enseignement hybride est devenu la r\u00e8gle. Afin d\u2019assurer une continuit\u00e9 p\u00e9dagogique efficace et efficiente, plusieurs \u00e9coles sup\u00e9rieures et universit\u00e9s ont [&hellip;]<\/p>\n","protected":false},"author":1763,"featured_media":98608,"comment_status":"closed","ping_status":"closed","sticky":false,"template":"","format":"standard","meta":{"fifu_image_url":"","fifu_image_alt":"","footnotes":""},"categories":[78,54],"tags":[],"class_list":["post-98607","post","type-post","status-publish","format-standard","has-post-thumbnail","hentry","category-economie","category-maroc"],"_links":{"self":[{"href":"https:\/\/linitiative.ca\/International\/wp-json\/wp\/v2\/posts\/98607","targetHints":{"allow":["GET"]}}],"collection":[{"href":"https:\/\/linitiative.ca\/International\/wp-json\/wp\/v2\/posts"}],"about":[{"href":"https:\/\/linitiative.ca\/International\/wp-json\/wp\/v2\/types\/post"}],"author":[{"embeddable":true,"href":"https:\/\/linitiative.ca\/International\/wp-json\/wp\/v2\/users\/1763"}],"replies":[{"embeddable":true,"href":"https:\/\/linitiative.ca\/International\/wp-json\/wp\/v2\/comments?post=98607"}],"version-history":[{"count":0,"href":"https:\/\/linitiative.ca\/International\/wp-json\/wp\/v2\/posts\/98607\/revisions"}],"wp:featuredmedia":[{"embeddable":true,"href":"https:\/\/linitiative.ca\/International\/wp-json\/"}],"wp:attachment":[{"href":"https:\/\/linitiative.ca\/International\/wp-json\/wp\/v2\/media?parent=98607"}],"wp:term":[{"taxonomy":"category","embeddable":true,"href":"https:\/\/linitiative.ca\/International\/wp-json\/wp\/v2\/categories?post=98607"},{"taxonomy":"post_tag","embeddable":true,"href":"https:\/\/linitiative.ca\/International\/wp-json\/wp\/v2\/tags?post=98607"}],"curies":[{"name":"wp","href":"https:\/\/api.w.org\/{rel}","templated":true}]}}