{"id":98617,"date":"2020-09-12T12:30:00","date_gmt":"2020-09-12T16:30:00","guid":{"rendered":"https:\/\/linitiative.ca\/International\/les-nouvelles-dates-des-demi-finales-de-la-ligue-africaine-et-la-coupe-de-la-caf\/"},"modified":"2020-09-12T12:30:00","modified_gmt":"2020-09-12T16:30:00","slug":"les-nouvelles-dates-des-demi-finales-de-la-ligue-africaine-et-la-coupe-de-la-caf","status":"publish","type":"post","link":"https:\/\/linitiative.ca\/International\/les-nouvelles-dates-des-demi-finales-de-la-ligue-africaine-et-la-coupe-de-la-caf\/","title":{"rendered":"Les nouvelles dates  des demi-finales de la Ligue africaine et la Coupe de la CAF"},"content":{"rendered":"<p class=\"p1 c3\"><span class=\"c2\">Le Comit\u00e9 Ex\u00e9cutif de la Conf\u00e9d\u00e9ration africaine de football (CAF) a d\u00e9cid\u00e9, jeudi 10 septembre, de reporter les demi-finales de la Ligue des Champions, Wydad-Ahly et Raja-Zamalek, et de la Coupe de la CAF, RSB-HUSA et Pyramids-Horoya. Pour la C1, les matchs aller \u00e9taient initialement pr\u00e9vus pour les 25 et 26 septembre \u00e0 Casablanca et les retour, les 2 et 3 octobre, au Caire et \u00e0 Alexandrie. D\u00e9sormais, les demi-finales se joueront en octobre. La manche aller de Raja-Zamalek aura lieu le 16 octobre, tandis que le retour est programm\u00e9 pour le 23 du m\u00eame mois.<\/span><\/p>\n<p class=\"p1 c3\"><span class=\"c2\">Le choc Wydad-Ahly se jouera \u00e0 Casablanca le 17 octobre, alors que le retour est fix\u00e9 pour\u00a0le 24 du m\u00eame mois au Caire. La finale se jouera, quant \u00e0 elle, le 6 novembre.<\/span><\/p>\n<p class=\"p1 c3\"><span class=\"c2\">Concernant la Coupe de la CAF, les demi-finales ont \u00e9galement \u00e9t\u00e9 report\u00e9es. Elles se joueront les 19 et 20 octobre, alors que la finale est pr\u00e9vue pour le 27 octobre, \u00e0 Rabat.\u00a0<\/span><\/p>\n<p>Auteur: letemps1<br \/>\n<a href=\"http:\/\/www.letemps.com.tn\/article\/117000\/les-nouvelles-dates-des-demi-finales-de-la-ligue-africaine-et-la-coupe-de-la-caf\">Cliquez ici pour lire l&rsquo;article depuis sa source.<\/a><\/p>\n","protected":false},"excerpt":{"rendered":"<p>Le Comit\u00e9 Ex\u00e9cutif de la Conf\u00e9d\u00e9ration africaine de football (CAF) a d\u00e9cid\u00e9, jeudi 10 septembre, de reporter les demi-finales de la Ligue des Champions, Wydad-Ahly et Raja-Zamalek, et de la Coupe de la CAF, RSB-HUSA et Pyramids-Horoya. Pour la C1, les matchs aller \u00e9taient initialement pr\u00e9vus pour les 25 et 26 septembre \u00e0 Casablanca et [&hellip;]<\/p>\n","protected":false},"author":1773,"featured_media":0,"comment_status":"closed","ping_status":"closed","sticky":false,"template":"","format":"standard","meta":{"fifu_image_url":"","fifu_image_alt":"","footnotes":""},"categories":[73,55],"tags":[],"class_list":["post-98617","post","type-post","status-publish","format-standard","hentry","category-actualite","category-tunisie"],"_links":{"self":[{"href":"https:\/\/linitiative.ca\/International\/wp-json\/wp\/v2\/posts\/98617","targetHints":{"allow":["GET"]}}],"collection":[{"href":"https:\/\/linitiative.ca\/International\/wp-json\/wp\/v2\/posts"}],"about":[{"href":"https:\/\/linitiative.ca\/International\/wp-json\/wp\/v2\/types\/post"}],"author":[{"embeddable":true,"href":"https:\/\/linitiative.ca\/International\/wp-json\/wp\/v2\/users\/1773"}],"replies":[{"embeddable":true,"href":"https:\/\/linitiative.ca\/International\/wp-json\/wp\/v2\/comments?post=98617"}],"version-history":[{"count":0,"href":"https:\/\/linitiative.ca\/International\/wp-json\/wp\/v2\/posts\/98617\/revisions"}],"wp:attachment":[{"href":"https:\/\/linitiative.ca\/International\/wp-json\/wp\/v2\/media?parent=98617"}],"wp:term":[{"taxonomy":"category","embeddable":true,"href":"https:\/\/linitiative.ca\/International\/wp-json\/wp\/v2\/categories?post=98617"},{"taxonomy":"post_tag","embeddable":true,"href":"https:\/\/linitiative.ca\/International\/wp-json\/wp\/v2\/tags?post=98617"}],"curies":[{"name":"wp","href":"https:\/\/api.w.org\/{rel}","templated":true}]}}