{"id":98618,"date":"2020-09-12T12:30:00","date_gmt":"2020-09-12T16:30:00","guid":{"rendered":"https:\/\/linitiative.ca\/International\/une-formation-composee-essentiellement-de-doublures-face-au-csc\/"},"modified":"2020-09-12T12:30:00","modified_gmt":"2020-09-12T16:30:00","slug":"une-formation-composee-essentiellement-de-doublures-face-au-csc","status":"publish","type":"post","link":"https:\/\/linitiative.ca\/International\/une-formation-composee-essentiellement-de-doublures-face-au-csc\/","title":{"rendered":"Une formation compos\u00e9e essentiellement de doublures face au CSC"},"content":{"rendered":"<p class=\"p1 c3\"><span class=\"c2\">Apr\u00e8s avoir assur\u00e9 la deuxi\u00e8me place qui lui vaut de particper\u00a0\u00e0 la prochaine \u00e9dition de la LIgue des Champions, le club sfaxien pourra d\u00e9sormais consacrer \u00e0 ses deux prochains challenges sur lesquels il mise \u00e9norm\u00e9ment pour sauver sa saison; la coupe de Tunisie et la super coupe contre l\u2019Esp\u00e9rance de Tunis. Avec d\u00e9signation\u00a0des quarts de finale de la coupe pour le mercredi 16 septembre Faouzi Benzarti devrait, vu le rythme\u00a0marathonien auquel\u00a0son groupe est confront\u00e9\u00a0depuis\u00a0la reprise du championnat, faire reposer ses titulaires et aligner ce dimanche une formation compos\u00e9e essentiellement de doublures contre le CS Chebba pour le compte de la derni\u00e8re journ\u00e9e du championnat.<\/span><\/p>\n<p class=\"p1 c3\"><span class=\"c2\">En quart de finale de la coupe, l\u203a\u00e9quipe \u2039Noir et Blanc\u00bb sera en effet devant une dure \u00e9preuve puisqu\u203aelle aura \u00e0 affronter, en d\u00e9placement, l\u203aES Metlaoui, un adversaire difficile \u00e0 manier sur son terrain. toutefois l\u2019opposition des miniers d\u00e9pendra en contrepartie du verdict\u00a0 de l\u2019ultime journ\u00e9e.<span class=\"Apple-converted-space\">\u00a0<\/span><\/span><\/p>\n<p class=\"p1 c3\"><span class=\"c2\">En cas de maintien, c\u2019est une \u00e9quipe au moral sensiblement renflou\u00e9e \u00e0 laquelle les clubistes sfaxiens auront affaire alors que dans le cas contraire, l\u2019ESM risque fort de se pr\u00e9senter avec un mental fortement entam\u00e9 ce qui serait, en principe, de nature \u00e0 faciliter la t\u00e2che des prot\u00e9g\u00e9s de Faouzi Benzarti.\u00a0 \u00a0\u00a0<\/span><\/p>\n<p class=\"p1 c3\"><span class=\"c2\">Aussi la derni\u00e8re rencontre constitue\u00a0une bonne opportunit\u00e9 pour une pl\u00e9iade de jeunes tels que Bechir Ghariani, Maaroufi, pour prouver qu\u2019ils<\/span><\/p>\n<p class=\"p2 c4\"><span class=\"c2\"><strong>Du 16 au 23 septembre, semaine particuli\u00e8rement\u00a0 cruciale\u00a0<span class=\"Apple-converted-space\">\u00a0<\/span><\/strong><\/span><\/p>\n<p class=\"p1 c3\"><span class=\"c2\">La\u00a0 semaine prochaine sera particuli\u00e8rement cruciale pour le CSS. En effet entre le 16 septembre et le 20 du m\u00eame mois les camarades de Aymen Dahmen auront \u00e0 n\u00e9gocier\u00a0une partie essentielle de leur saison. C\u2019est ainsi qu\u2019ils disputeront le match des quarts de finale le mercredi 16 contre l\u2019ESM avant d\u2019affronter, quatre jours plus tard, le 20 septembre plus pr\u00e9cis\u00e9ment, l\u2019ESp\u00e9rance de Tunis, en super coupe.Et c\u2019en n\u2019est pas fini, puisqu\u2019en\u00a0cas de qualification devant l\u2019ES Metlaoui, il disputeront, trois\u00a0jours apr\u00e8s, soit le 23 septembre, la demi-finale de la coupe. Beaucoup de pain\u00a0sur la planche pour Faouzi Benzarti et son groupe.<\/span><\/p>\n<p class=\"p3 c5\"><span class=\"c2\"><strong>Ameur KERKENNI<\/strong><\/span><\/p>\n<p>Auteur: letemps1<br \/>\n<a href=\"http:\/\/www.letemps.com.tn\/article\/117001\/une-formation-compos%C3%A9e-essentiellement-de-doublures-face-au-csc\">Cliquez ici pour lire l&rsquo;article depuis sa source.<\/a><\/p>\n","protected":false},"excerpt":{"rendered":"<p>Apr\u00e8s avoir assur\u00e9 la deuxi\u00e8me place qui lui vaut de particper\u00a0\u00e0 la prochaine \u00e9dition de la LIgue des Champions, le club sfaxien pourra d\u00e9sormais consacrer \u00e0 ses deux prochains challenges sur lesquels il mise \u00e9norm\u00e9ment pour sauver sa saison; la coupe de Tunisie et la super coupe contre l\u2019Esp\u00e9rance de Tunis. Avec d\u00e9signation\u00a0des quarts de [&hellip;]<\/p>\n","protected":false},"author":1773,"featured_media":0,"comment_status":"closed","ping_status":"closed","sticky":false,"template":"","format":"standard","meta":{"fifu_image_url":"","fifu_image_alt":"","footnotes":""},"categories":[73,55],"tags":[],"class_list":["post-98618","post","type-post","status-publish","format-standard","hentry","category-actualite","category-tunisie"],"_links":{"self":[{"href":"https:\/\/linitiative.ca\/International\/wp-json\/wp\/v2\/posts\/98618","targetHints":{"allow":["GET"]}}],"collection":[{"href":"https:\/\/linitiative.ca\/International\/wp-json\/wp\/v2\/posts"}],"about":[{"href":"https:\/\/linitiative.ca\/International\/wp-json\/wp\/v2\/types\/post"}],"author":[{"embeddable":true,"href":"https:\/\/linitiative.ca\/International\/wp-json\/wp\/v2\/users\/1773"}],"replies":[{"embeddable":true,"href":"https:\/\/linitiative.ca\/International\/wp-json\/wp\/v2\/comments?post=98618"}],"version-history":[{"count":0,"href":"https:\/\/linitiative.ca\/International\/wp-json\/wp\/v2\/posts\/98618\/revisions"}],"wp:attachment":[{"href":"https:\/\/linitiative.ca\/International\/wp-json\/wp\/v2\/media?parent=98618"}],"wp:term":[{"taxonomy":"category","embeddable":true,"href":"https:\/\/linitiative.ca\/International\/wp-json\/wp\/v2\/categories?post=98618"},{"taxonomy":"post_tag","embeddable":true,"href":"https:\/\/linitiative.ca\/International\/wp-json\/wp\/v2\/tags?post=98618"}],"curies":[{"name":"wp","href":"https:\/\/api.w.org\/{rel}","templated":true}]}}