{"id":98619,"date":"2020-09-12T12:30:00","date_gmt":"2020-09-12T16:30:00","guid":{"rendered":"https:\/\/linitiative.ca\/International\/lentraineur-du-wac-garrido-remercie\/"},"modified":"2020-09-12T12:30:00","modified_gmt":"2020-09-12T16:30:00","slug":"lentraineur-du-wac-garrido-remercie","status":"publish","type":"post","link":"https:\/\/linitiative.ca\/International\/lentraineur-du-wac-garrido-remercie\/","title":{"rendered":"L\u2019entraineur du WAC, Garrido remerci\u00e9"},"content":{"rendered":"<p class=\"p1 c3\"><span class=\"c2\">Garrido et le Wydad ont r\u00e9sili\u00e9 jeudi leur contrat \u00e0 l\u2019amiable, \u00e0 la suite d\u2019une r\u00e9union qui s\u2019est tenue entre les deux hommes. C\u2019est\u00a0Miguel Angel Gamondi qui assurera la mission sur le banc.\u00a0\u00a0<\/span><\/p>\n<p class=\"p1 c3\"><span class=\"c2\">C\u2019est sur les r\u00e9seaux sociaux o\u00f9 Juan Carlos Garrido s\u2019est exprim\u00e9 apr\u00e8s son d\u00e9part du Wydad. Le technicien espagnol a fait ses adieux aux composantes des Rouges avec le mot \u201cmerci\u201d.<\/span><\/p>\n<p class=\"p1 c3\"><span class=\"c2\">\u201cGracias, Shokran, Merci\u201d: ce sont les mots \u00e9cris par Juan Carlos Garrido sur ses r\u00e9seaux sociaux, quelques heures apr\u00e8s l\u2019annonce de son d\u00e9part du Wydad.\u00a0Le d\u00e9sormais ancien coach des Casablancais a accompagn\u00e9 ces mots par une photo de lui avec le groupe wydadi.<\/span><\/p>\n<p>Auteur: letemps1<br \/>\n<a href=\"http:\/\/www.letemps.com.tn\/article\/117002\/l%E2%80%99entraineur-du-wac-garrido-remerci%C3%A9\">Cliquez ici pour lire l&rsquo;article depuis sa source.<\/a><\/p>\n","protected":false},"excerpt":{"rendered":"<p>Garrido et le Wydad ont r\u00e9sili\u00e9 jeudi leur contrat \u00e0 l\u2019amiable, \u00e0 la suite d\u2019une r\u00e9union qui s\u2019est tenue entre les deux hommes. C\u2019est\u00a0Miguel Angel Gamondi qui assurera la mission sur le banc.\u00a0\u00a0 C\u2019est sur les r\u00e9seaux sociaux o\u00f9 Juan Carlos Garrido s\u2019est exprim\u00e9 apr\u00e8s son d\u00e9part du Wydad. Le technicien espagnol a fait ses [&hellip;]<\/p>\n","protected":false},"author":1773,"featured_media":0,"comment_status":"closed","ping_status":"closed","sticky":false,"template":"","format":"standard","meta":{"fifu_image_url":"","fifu_image_alt":"","footnotes":""},"categories":[73,55],"tags":[],"class_list":["post-98619","post","type-post","status-publish","format-standard","hentry","category-actualite","category-tunisie"],"_links":{"self":[{"href":"https:\/\/linitiative.ca\/International\/wp-json\/wp\/v2\/posts\/98619","targetHints":{"allow":["GET"]}}],"collection":[{"href":"https:\/\/linitiative.ca\/International\/wp-json\/wp\/v2\/posts"}],"about":[{"href":"https:\/\/linitiative.ca\/International\/wp-json\/wp\/v2\/types\/post"}],"author":[{"embeddable":true,"href":"https:\/\/linitiative.ca\/International\/wp-json\/wp\/v2\/users\/1773"}],"replies":[{"embeddable":true,"href":"https:\/\/linitiative.ca\/International\/wp-json\/wp\/v2\/comments?post=98619"}],"version-history":[{"count":0,"href":"https:\/\/linitiative.ca\/International\/wp-json\/wp\/v2\/posts\/98619\/revisions"}],"wp:attachment":[{"href":"https:\/\/linitiative.ca\/International\/wp-json\/wp\/v2\/media?parent=98619"}],"wp:term":[{"taxonomy":"category","embeddable":true,"href":"https:\/\/linitiative.ca\/International\/wp-json\/wp\/v2\/categories?post=98619"},{"taxonomy":"post_tag","embeddable":true,"href":"https:\/\/linitiative.ca\/International\/wp-json\/wp\/v2\/tags?post=98619"}],"curies":[{"name":"wp","href":"https:\/\/api.w.org\/{rel}","templated":true}]}}