{"id":98621,"date":"2020-09-12T12:30:00","date_gmt":"2020-09-12T16:30:00","guid":{"rendered":"https:\/\/linitiative.ca\/International\/la-reprise-la-plus-etrange-dans-la-carriere-de-messi-2\/"},"modified":"2020-09-12T12:30:00","modified_gmt":"2020-09-12T16:30:00","slug":"la-reprise-la-plus-etrange-dans-la-carriere-de-messi-2","status":"publish","type":"post","link":"https:\/\/linitiative.ca\/International\/la-reprise-la-plus-etrange-dans-la-carriere-de-messi-2\/","title":{"rendered":"La reprise la plus \u00e9trange dans la carri\u00e8re de Messi\u00a0!"},"content":{"rendered":"<p class=\"p1 c3\"><span class=\"c2\">Un divorce avort\u00e9 avec un FC Barcelone en pleine reconstruction, des co\u00e9quipiers et amis sur le d\u00e9part, une pand\u00e9mie&#8230; La reprise de la Liga 2020-2021, pr\u00e9vue ce week-end sans Lionel Messi, sera la plus \u00e9trange de toute la carri\u00e8re de la superstar argentine.<\/span><\/p>\n<p class=\"p1 c3\"><span class=\"c2\">Cette reprise espagnole sera-t-elle la derni\u00e8re de Messi, qui voit son contrat au Bar\u00e7a expirer le 30 juin 2021 ? On l\u2019ignore. Mais la plus bizarre, sans doute.<\/span><\/p>\n<p class=\"p1 c3\"><span class=\"c2\">Alors que la Liga repart ce week-end sans ses superstars (qui b\u00e9n\u00e9ficient de quelques jours de repos suppl\u00e9mentaires), le capitaine blaugrana a rassur\u00e9 fans et dirigeants en r\u00e9int\u00e9grant le groupe cette semaine pour s\u2019entra\u00eener m\u00eame un jour de repos, comme jeudi&#8230; apr\u00e8s avoir fait (un peu plus) trembler les fondations d\u2019un Bar\u00e7a d\u00e9j\u00e0 en pleine r\u00e9volution.<\/span><\/p>\n<p class=\"p1 c3\"><span class=\"c2\">\u00abOn a m\u00eame vu Messi sourire. Il a accept\u00e9 le challenge de cette saison, et a laiss\u00e9 ses autres pr\u00e9occupations pour plus tard\u00bb, a r\u00e9sum\u00e9 jeudi le journal sportif catalan Sport.<\/span><\/p>\n<p class=\"p1 c3\"><span class=\"c2\">Un sourire apr\u00e8s la temp\u00eate, qui vient peu \u00e0 peu diluer l\u2019image qu\u2019avait laiss\u00e9 le capitaine argentin le 25 ao\u00fbt dernier, avec ce courrier recommand\u00e9 envoy\u00e9 aux dirigeants du club pour leur faire part de son envie de d\u00e9part.<\/span><\/p>\n<p class=\"p2 c4\"><span class=\"c2\"><strong>Deux semaines\u00a0<\/strong><\/span><\/p>\n<p class=\"p1 c3\"><span class=\"c2\">Apr\u00e8s avoir d\u00e9lib\u00e9r\u00e9ment manqu\u00e9 les premiers rendez-vous de reprise du Bar\u00e7a (tests PCR et entra\u00eenements), Messi est revenu sur sa d\u00e9cision le 4 septembre.<\/span><\/p>\n<p class=\"p1 c3\"><span class=\"c2\">\u00abC\u2019est le meilleur joueur du monde. Et le meilleur, tu veux l\u2019avoir dans ton \u00e9quipe, pas contre toi. Comme entra\u00eeneur, j\u2019adore l\u2019id\u00e9e d\u2019entra\u00eener Messi\u00bb, avait gliss\u00e9 le nouvel entra\u00eeneur n\u00e9erlandais du Bar\u00e7a, Ronald Koeman, lors de sa pr\u00e9sentation, avant les remous d\u00e9clench\u00e9s par les vell\u00e9it\u00e9s de d\u00e9part de l\u2019Argentin.<\/span><\/p>\n<p class=\"p1 c3\"><span class=\"c2\">Selon la presse sp\u00e9cialis\u00e9e, le coach et le capitaine se sont parl\u00e9 dans la semaine pour se mettre d\u2019accord sur le fait de faire table rase des \u00e9v\u00e9nements pass\u00e9s et de viser le meilleur pour le Bar\u00e7a. Koeman pourrait d\u2019ailleurs compter sur l\u2019Argentin pour le premier amical du Bar\u00e7a contre le Nastic de Tarragone (D3 espagnole), aujourd\u2019hui.<\/span><\/p>\n<p class=\"p1 c3\"><span class=\"c2\">Plus aper\u00e7u en match officiel depuis le terrible 8-2 encaiss\u00e9 en quart de finale de Ligue des champions contre le Bayern Munich le 14 ao\u00fbt dernier \u00e0 Lisbonne, Lionel Messi aura encore deux semaines pour reprendre le rythme.<\/span><\/p>\n<p class=\"p1 c3\"><span class=\"c2\">Tout comme l\u2019Atl\u00e9tico Madrid (C1), S\u00e9ville (C3) et Elche (playoffs d\u2019accession \u00e0 la Liga), le Bar\u00e7a a termin\u00e9 la saison derni\u00e8re plus tard que les autres formations, et reprendra donc la Liga le week-end du 26-27 septembre contre Villareal, soit deux semaines apr\u00e8s le lever de rideau entre Eibar et le Celta Vigo, ce samedi (14h00 GMT).<\/span><\/p>\n<p class=\"p2 c4\"><span class=\"c2\"><strong>Une mue \u00e0 achever\u00a0<\/strong><\/span><\/p>\n<p class=\"p1 c3\"><span class=\"c2\">Apr\u00e8s une saison 2019-2020 d\u00e9sastreuse, o\u00f9 le Bar\u00e7a n\u2019a gagn\u00e9 aucun titre pour la premi\u00e8re fois depuis 2008, Messi a r\u00e9p\u00e9t\u00e9 qu\u2019il veut \u00abun projet gagnant\u00bb&#8230; mais son Bar\u00e7a en r\u00e9volution est encore loin d\u2019avoir le niveau pour d\u00e9tr\u00f4ner le Real Madrid de Zinedine Zidane du fauteuil de roi d\u2019Espagne.<\/span><\/p>\n<p class=\"p1 c3\"><span class=\"c2\">Au milieu d\u2019une pand\u00e9mie mondiale qui ne cesse de lourdement toucher l\u2019Espagne, le club blaugrana doit encore parachever sa mue. Selon la presse espagnole, Koeman a indiqu\u00e9 \u00e0 des cadres du vestiaire comme Luis Suarez, Arturo Vidal, Ivan Rakitic et Samuel Umtiti qu\u2019il ne comptait pas sur eux pour la saison prochaine.<\/span><\/p>\n<p class=\"p1 c3\"><span class=\"c2\">Rakitic est reparti \u00e0 S\u00e9ville. Umtiti revient \u00e0 peine de sa quarantaine apr\u00e8s son test positif au nouveau coronavirus mi-ao\u00fbt, et Vidal et Suarez sont annonc\u00e9s en Italie : \u00e0 l\u2019Inter pour le premier, et \u00e0 la Juventus pour le second, qui quitterait ainsi son ami de toujours Messi pour rallier l\u2019\u00e9ternel ennemi Cristiano Ronaldo.<\/span><\/p>\n<p class=\"p1 c3\"><span class=\"c2\">Quoi que r\u00e9serve le mercato du Bar\u00e7a d\u2019ici sa cl\u00f4ture d\u00e9but octobre, Messi devra forger son entente avec le nouveau venu Miralem Pjanic, cimenter celle avec le prodige Ansu Fati, et am\u00e9liorer celle avec Antoine Griezmann.<\/span><\/p>\n<p class=\"p1 c3\"><span class=\"c2\">\u00abMa relation avec Messi a \u00e9t\u00e9 similaire \u00e0 celle avec Mbapp\u00e9 (en Bleu). Nous ne trouvions pas de passes et j\u2019avais besoin de beaucoup de temps pour qu\u2019on se comprenne sur le terrain. Les choses avec Messi iront mieux\u00bb, a assur\u00e9 le champion du monde fran\u00e7ais dans un entretien \u00e0 RTL et M6 mercredi.<\/span><\/p>\n<p>Auteur: letemps1<br \/>\n<a href=\"http:\/\/www.letemps.com.tn\/article\/117004\/la-reprise-la-plus-%C3%A9trange-dans-la-carri%C3%A8re-de-messi%C2%A0\">Cliquez ici pour lire l&rsquo;article depuis sa source.<\/a><\/p>\n","protected":false},"excerpt":{"rendered":"<p>Un divorce avort\u00e9 avec un FC Barcelone en pleine reconstruction, des co\u00e9quipiers et amis sur le d\u00e9part, une pand\u00e9mie&#8230; La reprise de la Liga 2020-2021, pr\u00e9vue ce week-end sans Lionel Messi, sera la plus \u00e9trange de toute la carri\u00e8re de la superstar argentine. Cette reprise espagnole sera-t-elle la derni\u00e8re de Messi, qui voit son contrat [&hellip;]<\/p>\n","protected":false},"author":1773,"featured_media":0,"comment_status":"closed","ping_status":"closed","sticky":false,"template":"","format":"standard","meta":{"fifu_image_url":"","fifu_image_alt":"","footnotes":""},"categories":[73,55],"tags":[],"class_list":["post-98621","post","type-post","status-publish","format-standard","hentry","category-actualite","category-tunisie"],"_links":{"self":[{"href":"https:\/\/linitiative.ca\/International\/wp-json\/wp\/v2\/posts\/98621","targetHints":{"allow":["GET"]}}],"collection":[{"href":"https:\/\/linitiative.ca\/International\/wp-json\/wp\/v2\/posts"}],"about":[{"href":"https:\/\/linitiative.ca\/International\/wp-json\/wp\/v2\/types\/post"}],"author":[{"embeddable":true,"href":"https:\/\/linitiative.ca\/International\/wp-json\/wp\/v2\/users\/1773"}],"replies":[{"embeddable":true,"href":"https:\/\/linitiative.ca\/International\/wp-json\/wp\/v2\/comments?post=98621"}],"version-history":[{"count":0,"href":"https:\/\/linitiative.ca\/International\/wp-json\/wp\/v2\/posts\/98621\/revisions"}],"wp:attachment":[{"href":"https:\/\/linitiative.ca\/International\/wp-json\/wp\/v2\/media?parent=98621"}],"wp:term":[{"taxonomy":"category","embeddable":true,"href":"https:\/\/linitiative.ca\/International\/wp-json\/wp\/v2\/categories?post=98621"},{"taxonomy":"post_tag","embeddable":true,"href":"https:\/\/linitiative.ca\/International\/wp-json\/wp\/v2\/tags?post=98621"}],"curies":[{"name":"wp","href":"https:\/\/api.w.org\/{rel}","templated":true}]}}