{"id":98625,"date":"2020-09-12T15:13:17","date_gmt":"2020-09-12T19:13:17","guid":{"rendered":"https:\/\/linitiative.ca\/International\/pros-279-jours-apres-atal-retrouve-le-chemin-de-la-competition\/"},"modified":"2020-09-12T15:13:17","modified_gmt":"2020-09-12T19:13:17","slug":"pros-279-jours-apres-atal-retrouve-le-chemin-de-la-competition","status":"publish","type":"post","link":"https:\/\/linitiative.ca\/International\/pros-279-jours-apres-atal-retrouve-le-chemin-de-la-competition\/","title":{"rendered":"Pros : 279 jours apr\u00e8s, Atal retrouve le chemin de la comp\u00e9tition"},"content":{"rendered":"<div readability=\"32\">\n<p>Auteur : <span class=\"time\">samedi 12 septembre 2020 15:00<\/span><\/p>\n<\/div>\n<div id=\"post_core\" readability=\"37\">\n<p>Le d\u00e9fenseur lat\u00e9ral droit de l\u2019OGC Nice, Youcef Atal retrouve le chemin de la comp\u00e9tition. Le joueur de l\u2019EN est titularis\u00e9 ce samedi pour le d\u00e9placement au stade de la Mosson face \u00e0 Montpellier. Victime d\u2019une grave blessure le 7 d\u00e9cembre dernier lors du match face au FC Metz, Atal sera d\u2019attaque aujourd\u2019hui pour affronter les co\u00e9quipiers d\u2019Andy Delort.<\/p>\n<p><strong>Publi\u00e9 dans :<\/strong> <span>Atal<\/span><\/p>\n<\/div>\n<p>Auteur:<br \/>\n<a href=\"http:\/\/www.lebuteur.com\/article\/detail?titre=279-jours-apres-atal-retrouve-le-chemin-de-la-competition&#038;id=97231&#038;utm_source=feedburner&#038;utm_medium=feed&#038;utm_campaign=Feed%3A+GalerieFArtciles+%28Les+derniers+articles++-+lebuteur.com%29\">Cliquez ici pour lire l&rsquo;article depuis sa source.<\/a><\/p>\n","protected":false},"excerpt":{"rendered":"<p>Auteur : samedi 12 septembre 2020 15:00 Le d\u00e9fenseur lat\u00e9ral droit de l\u2019OGC Nice, Youcef Atal retrouve le chemin de la comp\u00e9tition. Le joueur de l\u2019EN est titularis\u00e9 ce samedi pour le d\u00e9placement au stade de la Mosson face \u00e0 Montpellier. Victime d\u2019une grave blessure le 7 d\u00e9cembre dernier lors du match face au FC [&hellip;]<\/p>\n","protected":false},"author":1738,"featured_media":98626,"comment_status":"closed","ping_status":"closed","sticky":false,"template":"","format":"standard","meta":{"fifu_image_url":"","fifu_image_alt":"","footnotes":""},"categories":[53,75],"tags":[],"class_list":["post-98625","post","type-post","status-publish","format-standard","has-post-thumbnail","hentry","category-algerie","category-sport"],"_links":{"self":[{"href":"https:\/\/linitiative.ca\/International\/wp-json\/wp\/v2\/posts\/98625","targetHints":{"allow":["GET"]}}],"collection":[{"href":"https:\/\/linitiative.ca\/International\/wp-json\/wp\/v2\/posts"}],"about":[{"href":"https:\/\/linitiative.ca\/International\/wp-json\/wp\/v2\/types\/post"}],"author":[{"embeddable":true,"href":"https:\/\/linitiative.ca\/International\/wp-json\/wp\/v2\/users\/1738"}],"replies":[{"embeddable":true,"href":"https:\/\/linitiative.ca\/International\/wp-json\/wp\/v2\/comments?post=98625"}],"version-history":[{"count":0,"href":"https:\/\/linitiative.ca\/International\/wp-json\/wp\/v2\/posts\/98625\/revisions"}],"wp:featuredmedia":[{"embeddable":true,"href":"https:\/\/linitiative.ca\/International\/wp-json\/"}],"wp:attachment":[{"href":"https:\/\/linitiative.ca\/International\/wp-json\/wp\/v2\/media?parent=98625"}],"wp:term":[{"taxonomy":"category","embeddable":true,"href":"https:\/\/linitiative.ca\/International\/wp-json\/wp\/v2\/categories?post=98625"},{"taxonomy":"post_tag","embeddable":true,"href":"https:\/\/linitiative.ca\/International\/wp-json\/wp\/v2\/tags?post=98625"}],"curies":[{"name":"wp","href":"https:\/\/api.w.org\/{rel}","templated":true}]}}