{"id":98627,"date":"2020-09-12T15:13:19","date_gmt":"2020-09-12T19:13:19","guid":{"rendered":"https:\/\/linitiative.ca\/International\/pros-montpellier-delort-soffre-deux-passes-decisives-lors-de-la-victoire-face-a-nice-et-atal\/"},"modified":"2020-09-12T15:13:19","modified_gmt":"2020-09-12T19:13:19","slug":"pros-montpellier-delort-soffre-deux-passes-decisives-lors-de-la-victoire-face-a-nice-et-atal","status":"publish","type":"post","link":"https:\/\/linitiative.ca\/International\/pros-montpellier-delort-soffre-deux-passes-decisives-lors-de-la-victoire-face-a-nice-et-atal\/","title":{"rendered":"Pros : Montpellier : Delort s&rsquo;offre deux passes d\u00e9cisives lors de la victoire face \u00e0 Nice et Atal"},"content":{"rendered":"<div readability=\"32\">\n<p>Auteur : <span class=\"time\">samedi 12 septembre 2020 19:09<\/span><\/p>\n<\/div>\n<div id=\"post_core\" readability=\"36\">\n<p>Gr\u00e2ce \u00e0 trois buts de Laborde (18e) et Congr\u00e9 (50e et 64e) contre une r\u00e9duction du score de Dante (69e), les Montpelli\u00e9rains infligent une premi\u00e8re d\u00e9faite aux Ni\u00e7ois (3-1). Les hommes de Patrick Vieira demeurent toutefois en t\u00eate &#8211; provisoirement &#8211; avant la suite de cette 3e journ\u00e9e de Ligue 1 ce dimanche. A noter qu&rsquo;Andy Delort a sign\u00e9 deux passes d\u00e9cisives sur le premier et le dernier buts de son \u00e9quipe.<\/p>\n<p><iframe loading=\"lazy\" allow=\"accelerometer; autoplay; encrypted-media; gyroscope; picture-in-picture\" allowfullscreen=\"\" frameborder=\"0\" height=\"315\" src=\"https:\/\/www.youtube.com\/embed\/z0p0kSdp1bU\" width=\"560\">[embedded content]<\/iframe><\/p>\n<p><strong>Publi\u00e9 dans :<\/strong> <span>Delort<\/span><\/p>\n<\/div>\n<p>Auteur:<br \/>\n<a href=\"http:\/\/www.lebuteur.com\/article\/detail?titre=montpellier-delort-soffre-deux-passes-decisives-lors-de-la-victoire-face-a-nice-et-atal&#038;id=97233&#038;utm_source=feedburner&#038;utm_medium=feed&#038;utm_campaign=Feed%3A+GalerieFArtciles+%28Les+derniers+articles++-+lebuteur.com%29\">Cliquez ici pour lire l&rsquo;article depuis sa source.<\/a><\/p>\n","protected":false},"excerpt":{"rendered":"<p>Auteur : samedi 12 septembre 2020 19:09 Gr\u00e2ce \u00e0 trois buts de Laborde (18e) et Congr\u00e9 (50e et 64e) contre une r\u00e9duction du score de Dante (69e), les Montpelli\u00e9rains infligent une premi\u00e8re d\u00e9faite aux Ni\u00e7ois (3-1). Les hommes de Patrick Vieira demeurent toutefois en t\u00eate &#8211; provisoirement &#8211; avant la suite de cette 3e journ\u00e9e [&hellip;]<\/p>\n","protected":false},"author":1738,"featured_media":98628,"comment_status":"closed","ping_status":"closed","sticky":false,"template":"","format":"standard","meta":{"fifu_image_url":"","fifu_image_alt":"","footnotes":""},"categories":[53,75],"tags":[],"class_list":["post-98627","post","type-post","status-publish","format-standard","has-post-thumbnail","hentry","category-algerie","category-sport"],"_links":{"self":[{"href":"https:\/\/linitiative.ca\/International\/wp-json\/wp\/v2\/posts\/98627","targetHints":{"allow":["GET"]}}],"collection":[{"href":"https:\/\/linitiative.ca\/International\/wp-json\/wp\/v2\/posts"}],"about":[{"href":"https:\/\/linitiative.ca\/International\/wp-json\/wp\/v2\/types\/post"}],"author":[{"embeddable":true,"href":"https:\/\/linitiative.ca\/International\/wp-json\/wp\/v2\/users\/1738"}],"replies":[{"embeddable":true,"href":"https:\/\/linitiative.ca\/International\/wp-json\/wp\/v2\/comments?post=98627"}],"version-history":[{"count":0,"href":"https:\/\/linitiative.ca\/International\/wp-json\/wp\/v2\/posts\/98627\/revisions"}],"wp:featuredmedia":[{"embeddable":true,"href":"https:\/\/linitiative.ca\/International\/wp-json\/"}],"wp:attachment":[{"href":"https:\/\/linitiative.ca\/International\/wp-json\/wp\/v2\/media?parent=98627"}],"wp:term":[{"taxonomy":"category","embeddable":true,"href":"https:\/\/linitiative.ca\/International\/wp-json\/wp\/v2\/categories?post=98627"},{"taxonomy":"post_tag","embeddable":true,"href":"https:\/\/linitiative.ca\/International\/wp-json\/wp\/v2\/tags?post=98627"}],"curies":[{"name":"wp","href":"https:\/\/api.w.org\/{rel}","templated":true}]}}