{"id":98631,"date":"2020-09-12T15:18:11","date_gmt":"2020-09-12T19:18:11","guid":{"rendered":"https:\/\/linitiative.ca\/International\/autorite-nationale-independante-des-elections-les-coordinateurs-de-cinq-wilayas-de-lest-installes\/"},"modified":"2020-09-12T15:18:11","modified_gmt":"2020-09-12T19:18:11","slug":"autorite-nationale-independante-des-elections-les-coordinateurs-de-cinq-wilayas-de-lest-installes","status":"publish","type":"post","link":"https:\/\/linitiative.ca\/International\/autorite-nationale-independante-des-elections-les-coordinateurs-de-cinq-wilayas-de-lest-installes\/","title":{"rendered":"Autorit\u00e9 nationale ind\u00e9pendante des \u00e9lections : Les coordinateurs de cinq wilayas de l\u2019Est install\u00e9s"},"content":{"rendered":"<div class=\"TxArtcile\" readability=\"26\">\n<p>Les coordinateurs de cinq wilayas de l\u2019Est et les membres de la d\u00e9l\u00e9gation de wilaya, relevant de l\u2019Autorit\u00e9 nationale ind\u00e9pendante des \u00e9lections (ANIE), ont \u00e9t\u00e9 install\u00e9s, hier \u00e0 Annaba, par le vice-pr\u00e9sident de cette instance, M. Abdelhafidh Milat, en pr\u00e9sence des membres du bureau national, en l\u2019occurrence Ali Draa, Mohamed Tabbouche et Medouri Abedlwahed. Le vice-pr\u00e9sident de l\u2019ANIE a soulign\u00e9 que \u00able peuple attend avec impatience le r\u00e9f\u00e9rendum du 1er novembre prochain sur la r\u00e9vision de la Constitution apr\u00e8s le succ\u00e8s de l\u2019\u00e9lection pr\u00e9sidentielle du 12 d\u00e9cembre de l\u2019ann\u00e9e pass\u00e9e\u00bb. Il indique que l\u2019ANIE aura le r\u00f4le de garantir la r\u00e9ussite de ce rendez-vous \u00e9lectoral, aussi bien au niveau central que local, \u00e0 travers les coordinations de wilaya, que \u00abnous sommes en train d&rsquo;installer dans la perspective d\u2019\u00e9difier la nouvelle R\u00e9publique\u00bb. En outre, il a fait savoir que d\u2019ici lundi prochain, toutes les coordinations des wilayas de l\u2019ANIE seront install\u00e9es.\u00a0 Les coordinateurs sont Mourad Bouakkadia (Annaba), Mourad Amrani (El-Tarf), Hamid Hamlaoui (Guelma), Othmane Menadi (Souk-Ahras) et Mohamed Kenaza (T\u00e9bessa).<br \/>B. G.<\/p>\n<\/div>\n<div class=\"ModliArtilUne\">\n<ul>\n<li><strong>Publi\u00e9 dans :<\/strong><\/li>\n<\/ul>\n<\/div>\n<div class=\"MbComIns\" id=\"newcom\" readability=\"5.6940298507463\">\n<h6>DONNEZ VOTRE AVIS<\/h6>\n<p>Il n&rsquo;y a actuellement aucune r\u00e9action \u00e0 cette information. Soyez le premier \u00e0 r\u00e9agir !<\/p>\n<p><a href=\"\" rel=\"#popup\" class=\"login resetbutton\">Identifiez-vous<\/a><a class=\"button\" href=\"https:\/\/elmoudjahid.com\/fr\/inscription\/\"><span>S&rsquo;inscrire<\/span><\/a><\/p>\n<\/div>\n<p>Auteur: elmoudjahid<br \/>\n<a href=\"http:\/\/www.elmoudjahid.com\/fr\/actualites\/159445\">Cliquez ici pour lire l&rsquo;article depuis sa source.<\/a><\/p>\n","protected":false},"excerpt":{"rendered":"<p>Les coordinateurs de cinq wilayas de l\u2019Est et les membres de la d\u00e9l\u00e9gation de wilaya, relevant de l\u2019Autorit\u00e9 nationale ind\u00e9pendante des \u00e9lections (ANIE), ont \u00e9t\u00e9 install\u00e9s, hier \u00e0 Annaba, par le vice-pr\u00e9sident de cette instance, M. Abdelhafidh Milat, en pr\u00e9sence des membres du bureau national, en l\u2019occurrence Ali Draa, Mohamed Tabbouche et Medouri Abedlwahed. Le [&hellip;]<\/p>\n","protected":false},"author":1744,"featured_media":0,"comment_status":"closed","ping_status":"closed","sticky":false,"template":"","format":"standard","meta":{"fifu_image_url":"","fifu_image_alt":"","footnotes":""},"categories":[73,53],"tags":[],"class_list":["post-98631","post","type-post","status-publish","format-standard","hentry","category-actualite","category-algerie"],"_links":{"self":[{"href":"https:\/\/linitiative.ca\/International\/wp-json\/wp\/v2\/posts\/98631","targetHints":{"allow":["GET"]}}],"collection":[{"href":"https:\/\/linitiative.ca\/International\/wp-json\/wp\/v2\/posts"}],"about":[{"href":"https:\/\/linitiative.ca\/International\/wp-json\/wp\/v2\/types\/post"}],"author":[{"embeddable":true,"href":"https:\/\/linitiative.ca\/International\/wp-json\/wp\/v2\/users\/1744"}],"replies":[{"embeddable":true,"href":"https:\/\/linitiative.ca\/International\/wp-json\/wp\/v2\/comments?post=98631"}],"version-history":[{"count":0,"href":"https:\/\/linitiative.ca\/International\/wp-json\/wp\/v2\/posts\/98631\/revisions"}],"wp:attachment":[{"href":"https:\/\/linitiative.ca\/International\/wp-json\/wp\/v2\/media?parent=98631"}],"wp:term":[{"taxonomy":"category","embeddable":true,"href":"https:\/\/linitiative.ca\/International\/wp-json\/wp\/v2\/categories?post=98631"},{"taxonomy":"post_tag","embeddable":true,"href":"https:\/\/linitiative.ca\/International\/wp-json\/wp\/v2\/tags?post=98631"}],"curies":[{"name":"wp","href":"https:\/\/api.w.org\/{rel}","templated":true}]}}