{"id":98632,"date":"2020-09-12T15:18:15","date_gmt":"2020-09-12T19:18:15","guid":{"rendered":"https:\/\/linitiative.ca\/International\/m-djerad-annonce-des-mesures-au-profit-de-lexportation-hors-hydrocarbures-les-entraves-aplanies-et-des-facilitations-accordees-aux-entreprises\/"},"modified":"2020-09-12T15:18:15","modified_gmt":"2020-09-12T19:18:15","slug":"m-djerad-annonce-des-mesures-au-profit-de-lexportation-hors-hydrocarbures-les-entraves-aplanies-et-des-facilitations-accordees-aux-entreprises","status":"publish","type":"post","link":"https:\/\/linitiative.ca\/International\/m-djerad-annonce-des-mesures-au-profit-de-lexportation-hors-hydrocarbures-les-entraves-aplanies-et-des-facilitations-accordees-aux-entreprises\/","title":{"rendered":"M. Djerad annonce des mesures au profit de l\u2019Exportation hors hydrocarbures : les entraves aplanies et des facilitations accord\u00e9es aux entreprises"},"content":{"rendered":"<p><strong>Le Premier ministre, Abdelaziz Djerad, a r\u00e9affirm\u00e9, hier \u00e0 Alger, la d\u00e9termination du gouvernement \u00e0 encourager\u00a0 les exportations hors hydrocarbures, \u00e0 travers la prise de toutes les mesures \u00e0 m\u00eame d&rsquo;aplanir les entraves et restrictions bureaucratiques, et \u00e0 accorder toutes les facilitations n\u00e9cessaires au profit des entreprises productrices\u00a0 et exportatrices.<\/strong><\/p>\n<p>\u00abLe gouvernement prendra toutes les mesures \u00e0 m\u00eame d&rsquo;aplanir les obstacles et restrictions bureaucratiques entravant la valorisation des grandes expertises nationales et l&rsquo;exportation des services\u00bb, a indiqu\u00e9 M. Djerad dans une allocution, lue par le ministre d\u00e9l\u00e9gu\u00e9 charg\u00e9 du Commerce ext\u00e9rieur, A\u00efssa Bekka\u00ef, \u00e0 l&rsquo;ouverture du colloque national sur \u00abl&rsquo;exportation dans le secteur des travaux publics\u00bb.<br \/>\u00abIl est plus que n\u00e9cessaire d&#8217;emprunter une strat\u00e9gie aux contours clairs dans le cadre de la relance \u00e9conomique, bas\u00e9e sur l&rsquo;optimisation des proc\u00e9dures juridiques et r\u00e9glementaires relatives \u00e0 l&rsquo;op\u00e9ration d&rsquo;exportation, avec la garantie de mesures incitatives financi\u00e8res, bancaires, fiscales, douani\u00e8res et commerciales, outre l&rsquo;activation du r\u00f4le des repr\u00e9sentations diplomatiques \u00e0 l&rsquo;\u00e9tranger et des conseils d&rsquo;affaires\u00bb, a-t-il soutenu. Lors de ce colloque, organis\u00e9 par le minist\u00e8re des Travaux publics, en pr\u00e9sence de membres du gouvernement et d&rsquo;acteurs du secteur, le Premier ministre a appel\u00e9 \u00e0 \u0153uvrer au renforcement du cadre institutionnel et administratif en vue d&rsquo;inciter les entreprises nationales \u00e0 exporter et \u00e0 investir les march\u00e9s internationaux. Pour M. Djerad, \u0153uvrer \u00e0 la promotion des exportations hors hydrocarbures constitue \u00abun choix strat\u00e9gique\u00bb dans le cadre du nouveau mod\u00e8le \u00e9conomique, \u00e9tant l&rsquo;un des principaux m\u00e9canismes permettant l&rsquo;augmentation des taux de croissance du produit int\u00e9rieur brut (PIB), \u00e0 travers l&rsquo;extension du champ des exportations. Pour atteindre ces objectifs, a-t-il dit, il faut d\u00e9ployer des efforts suppl\u00e9mentaires consid\u00e9rables afin d&rsquo;instaurer un \u00e9cosyst\u00e8me propice et un climat d&rsquo;affaires ad\u00e9quat et insuffler une nouvelle dynamique \u00e0 m\u00eame d&rsquo;encourager les exportations et de lib\u00e9rer les initiatives\u00bb dans le cadre de la cons\u00e9cration du principe d&rsquo;\u00e9galit\u00e9 des chances entre tous les op\u00e9rateurs \u00e9conomiques, aussi bien publics que priv\u00e9s\u00bb. Selon M. Djerad, il est imp\u00e9ratif d&rsquo;inciter et d&rsquo;encourager les op\u00e9rateurs \u00e9conomiques \u00e0 asseoir la culture de l&rsquo;exportation et de croire aux capacit\u00e9s comp\u00e9titives de leurs produits et services, insistant sur la n\u00e9cessit\u00e9 d&rsquo;une bonne prise en charge par les institutions administratives professionnelles des pr\u00e9occupations soulev\u00e9es par ces op\u00e9rateurs et de trouver les meilleures solutions pour leur traitement. La responsabilit\u00e9 collective impose aux secteurs une action commune et efficace, a-t-il estim\u00e9, soulignant que le secteur des travaux publics constitue l&rsquo;un des secteurs vitaux \u00e0 m\u00eame de contribuer fortement \u00e0 l&rsquo;exportation, au vu des fortes chances de r\u00e9ussite d\u00e9tenues par ses entreprises \u00e9conomiques et leur exp\u00e9rience av\u00e9r\u00e9e en mati\u00e8re de ma\u00eetrise des diff\u00e9rentes \u00e9tapes de r\u00e9alisation des projets, en l&rsquo;occurrence la participation aux appels d&rsquo;offres, aux transactions, \u00e0 la mise en \u0153uvre des travaux, \u00e0 la livraison et \u00e0 la r\u00e9ception des projets dans les d\u00e9lais fix\u00e9s, conform\u00e9ment aux normes de qualit\u00e9 internationales. \u00a0<\/p>\n<p>Auteur: elmoudjahid<br \/>\n<a href=\"http:\/\/www.elmoudjahid.com\/fr\/actualites\/159446\">Cliquez ici pour lire l&rsquo;article depuis sa source.<\/a><\/p>\n","protected":false},"excerpt":{"rendered":"<p>Le Premier ministre, Abdelaziz Djerad, a r\u00e9affirm\u00e9, hier \u00e0 Alger, la d\u00e9termination du gouvernement \u00e0 encourager\u00a0 les exportations hors hydrocarbures, \u00e0 travers la prise de toutes les mesures \u00e0 m\u00eame d&rsquo;aplanir les entraves et restrictions bureaucratiques, et \u00e0 accorder toutes les facilitations n\u00e9cessaires au profit des entreprises productrices\u00a0 et exportatrices. \u00abLe gouvernement prendra toutes les [&hellip;]<\/p>\n","protected":false},"author":1744,"featured_media":0,"comment_status":"closed","ping_status":"closed","sticky":false,"template":"","format":"standard","meta":{"fifu_image_url":"","fifu_image_alt":"","footnotes":""},"categories":[73,53],"tags":[],"class_list":["post-98632","post","type-post","status-publish","format-standard","hentry","category-actualite","category-algerie"],"_links":{"self":[{"href":"https:\/\/linitiative.ca\/International\/wp-json\/wp\/v2\/posts\/98632","targetHints":{"allow":["GET"]}}],"collection":[{"href":"https:\/\/linitiative.ca\/International\/wp-json\/wp\/v2\/posts"}],"about":[{"href":"https:\/\/linitiative.ca\/International\/wp-json\/wp\/v2\/types\/post"}],"author":[{"embeddable":true,"href":"https:\/\/linitiative.ca\/International\/wp-json\/wp\/v2\/users\/1744"}],"replies":[{"embeddable":true,"href":"https:\/\/linitiative.ca\/International\/wp-json\/wp\/v2\/comments?post=98632"}],"version-history":[{"count":0,"href":"https:\/\/linitiative.ca\/International\/wp-json\/wp\/v2\/posts\/98632\/revisions"}],"wp:attachment":[{"href":"https:\/\/linitiative.ca\/International\/wp-json\/wp\/v2\/media?parent=98632"}],"wp:term":[{"taxonomy":"category","embeddable":true,"href":"https:\/\/linitiative.ca\/International\/wp-json\/wp\/v2\/categories?post=98632"},{"taxonomy":"post_tag","embeddable":true,"href":"https:\/\/linitiative.ca\/International\/wp-json\/wp\/v2\/tags?post=98632"}],"curies":[{"name":"wp","href":"https:\/\/api.w.org\/{rel}","templated":true}]}}