{"id":98633,"date":"2020-09-12T15:18:19","date_gmt":"2020-09-12T19:18:19","guid":{"rendered":"https:\/\/linitiative.ca\/International\/aymen-benabderrahmane-la-facture-des-services-importes-seleve-a-12-milliards-de-dollars\/"},"modified":"2020-09-12T15:18:19","modified_gmt":"2020-09-12T19:18:19","slug":"aymen-benabderrahmane-la-facture-des-services-importes-seleve-a-12-milliards-de-dollars","status":"publish","type":"post","link":"https:\/\/linitiative.ca\/International\/aymen-benabderrahmane-la-facture-des-services-importes-seleve-a-12-milliards-de-dollars\/","title":{"rendered":"Aymen Benabderrahmane : La facture des services import\u00e9s s\u2019\u00e9l\u00e8ve  \u00e0 12 milliards de dollars"},"content":{"rendered":"<div class=\"TxArtcile\" readability=\"25\">\n<p>\u00a0La facture des services import\u00e9s dans plusieurs secteurs s&rsquo;\u00e9l\u00e8ve \u00e0 12 milliards de dollars par an, a indiqu\u00e9 hier \u00e0 Alger le ministre des Finances, Aymen Benabderrahmane.<br \/>\u00a0S&rsquo;exprimant \u00e0 l&rsquo;ouverture des travaux du colloque national sur \u00abl&rsquo;exportation dans le secteur des travaux publics\u00bb, le ministre a d\u00e9clar\u00e9 que l&rsquo;orientation vers une nouvelle \u00e9conomie doit reposer sur la r\u00e9duction de la d\u00e9pendance de l&rsquo;\u00e9tranger dans les diff\u00e9rents domaines, y compris les services. Le secteur s&rsquo;attelle \u00e0 revoir \u00able plus t\u00f4t possible\u00bb une s\u00e9rie de mesures et de textes de loi encadrant les activit\u00e9s d&rsquo;exportation dans le secteur des travaux publics, a-t-il fait savoir. Cette \u00e9tape est \u00abcruciale dans la mise en \u0153uvre du programme du Pr\u00e9sident de la R\u00e9publique, Abdelmadjid Tebboune, visant le passage du pays \u00e0 une politique \u00e9conomiquement ind\u00e9pendante\u00bb, a soulign\u00e9 le ministre.<br \/>La Banque d&rsquo;Alg\u00e9rie s&rsquo;attelle de son c\u00f4t\u00e9 \u00e0 revoir le syst\u00e8me r\u00e9gissant la politique de change pour qu&rsquo;elle favorise l&rsquo;exportation\u00bb, a-t-il poursuivi. Dans ce cadre, des mesures pratiques incitatives \u00e0 l&rsquo;exportation seront prises. \u00abIl est temps pour que l&rsquo;Alg\u00e9rie se fraye une place dans les march\u00e9s ext\u00e9rieurs\u00bb, a-t-il soutenu. \u00a0<br \/>Ce colloque se veut un espace pour favoriser cette orientation, notamment dans le domaine d&rsquo;exportation, et ce dans les meilleurs d\u00e9lais en vue de devenir un pays exportateur, au regard des atouts et hautes qualifications des entreprises nationales publiques et priv\u00e9es\u00bb, a estim\u00e9 M. Benabderrahmane.<\/p>\n<\/div>\n<div class=\"ModliArtilUne\">\n<ul>\n<li><strong>Publi\u00e9 dans :<\/strong><\/li>\n<\/ul>\n<\/div>\n<div class=\"MbComIns\" id=\"newcom\" readability=\"5.6940298507463\">\n<h6>DONNEZ VOTRE AVIS<\/h6>\n<p>Il n&rsquo;y a actuellement aucune r\u00e9action \u00e0 cette information. Soyez le premier \u00e0 r\u00e9agir !<\/p>\n<p><a href=\"\" rel=\"#popup\" class=\"login resetbutton\">Identifiez-vous<\/a><a class=\"button\" href=\"https:\/\/elmoudjahid.com\/fr\/inscription\/\"><span>S&rsquo;inscrire<\/span><\/a><\/p>\n<\/div>\n<p>Auteur: elmoudjahid<br \/>\n<a href=\"http:\/\/www.elmoudjahid.com\/fr\/actualites\/159447\">Cliquez ici pour lire l&rsquo;article depuis sa source.<\/a><\/p>\n","protected":false},"excerpt":{"rendered":"<p>\u00a0La facture des services import\u00e9s dans plusieurs secteurs s&rsquo;\u00e9l\u00e8ve \u00e0 12 milliards de dollars par an, a indiqu\u00e9 hier \u00e0 Alger le ministre des Finances, Aymen Benabderrahmane.\u00a0S&rsquo;exprimant \u00e0 l&rsquo;ouverture des travaux du colloque national sur \u00abl&rsquo;exportation dans le secteur des travaux publics\u00bb, le ministre a d\u00e9clar\u00e9 que l&rsquo;orientation vers une nouvelle \u00e9conomie doit reposer sur [&hellip;]<\/p>\n","protected":false},"author":1744,"featured_media":0,"comment_status":"closed","ping_status":"closed","sticky":false,"template":"","format":"standard","meta":{"fifu_image_url":"","fifu_image_alt":"","footnotes":""},"categories":[73,53],"tags":[],"class_list":["post-98633","post","type-post","status-publish","format-standard","hentry","category-actualite","category-algerie"],"_links":{"self":[{"href":"https:\/\/linitiative.ca\/International\/wp-json\/wp\/v2\/posts\/98633","targetHints":{"allow":["GET"]}}],"collection":[{"href":"https:\/\/linitiative.ca\/International\/wp-json\/wp\/v2\/posts"}],"about":[{"href":"https:\/\/linitiative.ca\/International\/wp-json\/wp\/v2\/types\/post"}],"author":[{"embeddable":true,"href":"https:\/\/linitiative.ca\/International\/wp-json\/wp\/v2\/users\/1744"}],"replies":[{"embeddable":true,"href":"https:\/\/linitiative.ca\/International\/wp-json\/wp\/v2\/comments?post=98633"}],"version-history":[{"count":0,"href":"https:\/\/linitiative.ca\/International\/wp-json\/wp\/v2\/posts\/98633\/revisions"}],"wp:attachment":[{"href":"https:\/\/linitiative.ca\/International\/wp-json\/wp\/v2\/media?parent=98633"}],"wp:term":[{"taxonomy":"category","embeddable":true,"href":"https:\/\/linitiative.ca\/International\/wp-json\/wp\/v2\/categories?post=98633"},{"taxonomy":"post_tag","embeddable":true,"href":"https:\/\/linitiative.ca\/International\/wp-json\/wp\/v2\/tags?post=98633"}],"curies":[{"name":"wp","href":"https:\/\/api.w.org\/{rel}","templated":true}]}}