{"id":98634,"date":"2020-09-12T15:18:23","date_gmt":"2020-09-12T19:18:23","guid":{"rendered":"https:\/\/linitiative.ca\/International\/activite-de-chasse-reouverture-a-partir-du-15-septembre\/"},"modified":"2020-09-12T15:18:23","modified_gmt":"2020-09-12T19:18:23","slug":"activite-de-chasse-reouverture-a-partir-du-15-septembre","status":"publish","type":"post","link":"https:\/\/linitiative.ca\/International\/activite-de-chasse-reouverture-a-partir-du-15-septembre\/","title":{"rendered":"Activit\u00e9 de chasse  :  R\u00e9ouverture \u00e0 partir du 15 septembre"},"content":{"rendered":"<div class=\"TxArtcile\" readability=\"44\">\n<p>\u00a0Le ministre de l&rsquo;Agriculture et du D\u00e9veloppement rural, Abdelhamid Hamdani, a annonc\u00e9 hier \u00e0 Alger, la r\u00e9ouverture officielle de la chasse \u00e0 partir du 15 septembre jusqu&rsquo;au 15 f\u00e9vrier, apr\u00e8s plus de 25 ans de suspension en raison de la situation s\u00e9curitaire qu&rsquo;a connue le pays durant les ann\u00e9es 1990. Hamdani a indiqu\u00e9 que cette d\u00e9cision vient en concr\u00e9tisation des hautes autorit\u00e9s du pays, tout en qualifiant la d\u00e9cision d\u2019historique.\u00a0 La rencontre nationale a r\u00e9uni l\u2019ensemble des acteurs concern\u00e9s par l\u2019activit\u00e9 de la chasse dont des repr\u00e9sentants de la direction g\u00e9n\u00e9rale des for\u00eats, de la gendarmerie nationale ainsi des membres de la f\u00e9d\u00e9ration nationale des chasseurs.\u00a0 \u00abCette rencontre permettra sans aucun doute de donner un nouveau souffle au domaine de la chasse en Alg\u00e9rie\u00bb, a not\u00e9 le ministre, pr\u00e9cisant que la r\u00e9ouverture de cette activit\u00e9 contribuera \u00e0 la promotion des activit\u00e9s de loisirs ainsi que le maintien de l&rsquo;\u00e9quilibre \u00e9cologique et une gestion durable du patrimoine faunistique.<br \/>Il fera savoir que la suspension de l\u2019activit\u00e9 a permis la reconstitution et la reproduction des esp\u00e8ces animales sauvages. Cette p\u00e9riode a \u00e9t\u00e9, \u00e9galement, mise \u00e0 profit pour mettre en place un cadre r\u00e9glementaire pour prot\u00e9ger les esp\u00e8ces menac\u00e9es d\u2019extinction.<br \/>Pour Hamdani, la r\u00e9organisation de l\u2019activit\u00e9 vise \u00e0 assurer une meilleure protection de la faune et la concr\u00e9tisation du principe de la chasse durable gr\u00e2ce \u00e0 une meilleure gestion de l\u2019activit\u00e9 en luttant contre toute pratique illicite qui peut nuire \u00e0 l\u2019\u00e9quilibre biologique des populations animales, notamment celles menac\u00e9es d\u2019extinction.\u00a0 Le ministre a indiqu\u00e9 que la politique de gestion de l\u2019activit\u00e9 de la chasse s&rsquo;appuie sur les dispositions de la loi n \u00b0 04-07 du 14 ao\u00fbt 2004 qui fixe un certain nombre de lignes directrices relatives aux modalit\u00e9s de d\u00e9livrance des licences et permis de chasse et offre une approche dans la gestion administrative de l\u2019exercice de la chasse touristique ainsi que la lutte contre le braconnage.<br \/>\u00abLa loi pr\u00e9voit de meilleures conditions pour la pratique de la chasse sauvage \u00e0 travers les articles relatifs \u00e0 l&rsquo;exercice de cette activit\u00e9 et les proc\u00e9dures d&rsquo;octroi des licences de chasse\u00bb, a-t-il expliqu\u00e9.\u00a0 Le ministre a mis l\u2019accent sur le r\u00f4le des chasseurs dans la pr\u00e9servation du patrimoine et sur leur pr\u00e9cieuse contribution dans le domaine de la protection des for\u00eats et leurs efforts consentis dans la lutte contre les incendies.\u00a0 Il souligne l\u2019importance de la r\u00e9ouverture de l\u2019activit\u00e9 de la chasse qui en raison de sa dimension \u00e9conomique constitue une ressource financi\u00e8re \u00e0 travers les redevances de location de zones de chasse, les revenus des licences de chasse et les assurances.<\/p>\n<p><strong>Installation aujourd\u2019hui du Conseil sup\u00e9rieur de la chasse<\/strong><\/p>\n<p>De son c\u00f4t\u00e9, Ali Mahmoudi, directeur g\u00e9n\u00e9ral des for\u00eats a fait part de l&rsquo;organisation de sessions de formation au profit des chasseurs pour l&rsquo;obtention du permis de chasse. \u00abNous avons d\u00e9j\u00e0 proc\u00e9d\u00e9 \u00e0 la formation des chasseurs pour l\u2019obtention de permis d\u2019habilitation \u00e0 la chasse\u00bb, a indiqu\u00e9 Mahmoudi qui pr\u00e9cise que 13.000 chasseurs ont b\u00e9n\u00e9fici\u00e9 de cette formation. Et d\u2019ajouter que 5.000 permis de chasse ont \u00e9t\u00e9 livr\u00e9s, faisant part de l\u2019existence de 7.000 autres permis qui seront d\u00e9livr\u00e9s aux chasseurs qui ont r\u00e9ussi l\u2019examen. Le DGF a annonc\u00e9 l\u2019installation aujourd\u2019hui du conseil sup\u00e9rieur de la chasse qui assurera une meilleure gestion de l\u2019activit\u00e9.<br \/>Actuellement, les chasseurs sont en train de se r\u00e9organiser et de se reconstituer en associations et en f\u00e9d\u00e9ration pour relancer l\u2019activit\u00e9 de la chasse. Il fera savoir sur la p\u00e9riode de chasse la plus importante d\u00e9bute du 15 septembre prochain au 15 f\u00e9vrier 2021. \u00a0<br \/>\u00abC\u2019est la meilleure p\u00e9riode pour chasser la perdrix, le li\u00e8vre et les pigeons\u00bb, dit-il. Il fait part de l\u2019existence de gibier de passage et de gibier s\u00e9dentaire comme la perdrix, le li\u00e8vre et\u00a0 le sanglier.\u00a0 Le pr\u00e9sident de la f\u00e9d\u00e9ration nationale des chasseurs, Amar Ezahi, a exprim\u00e9 sa satisfaction quant \u00e0 la r\u00e9ouverture de l\u2019activit\u00e9 en pr\u00e9cisant que cette d\u00e9cision est une concr\u00e9tisation de la promesse du pr\u00e9sident de la R\u00e9publique, Abdelmadjid Tebboune, lors de sa campagne \u00e9lectorale.<br \/>Il a soulign\u00e9 la volont\u00e9 des chasseurs de promouvoir l\u2019activit\u00e9 en pr\u00e9servant la faune sauvage, notamment les esp\u00e8ces prot\u00e9g\u00e9es et de contribuer \u00e0 la protection du patrimoine animal sauvage.<br \/>\u00a0\u00a0 \u00a0Kamelia Hadjib<\/p>\n<\/div>\n<div class=\"ModliArtilUne\">\n<ul>\n<li><strong>Publi\u00e9 dans :<\/strong><\/li>\n<\/ul>\n<\/div>\n<div class=\"MbComIns\" id=\"newcom\" readability=\"5.6940298507463\">\n<h6>DONNEZ VOTRE AVIS<\/h6>\n<p>Il n&rsquo;y a actuellement aucune r\u00e9action \u00e0 cette information. Soyez le premier \u00e0 r\u00e9agir !<\/p>\n<p><a href=\"\" rel=\"#popup\" class=\"login resetbutton\">Identifiez-vous<\/a><a class=\"button\" href=\"https:\/\/elmoudjahid.com\/fr\/inscription\/\"><span>S&rsquo;inscrire<\/span><\/a><\/p>\n<\/div>\n<p>Auteur: elmoudjahid<br \/>\n<a href=\"http:\/\/www.elmoudjahid.com\/fr\/actualites\/159448\">Cliquez ici pour lire l&rsquo;article depuis sa source.<\/a><\/p>\n","protected":false},"excerpt":{"rendered":"<p>\u00a0Le ministre de l&rsquo;Agriculture et du D\u00e9veloppement rural, Abdelhamid Hamdani, a annonc\u00e9 hier \u00e0 Alger, la r\u00e9ouverture officielle de la chasse \u00e0 partir du 15 septembre jusqu&rsquo;au 15 f\u00e9vrier, apr\u00e8s plus de 25 ans de suspension en raison de la situation s\u00e9curitaire qu&rsquo;a connue le pays durant les ann\u00e9es 1990. Hamdani a indiqu\u00e9 que cette [&hellip;]<\/p>\n","protected":false},"author":1744,"featured_media":0,"comment_status":"closed","ping_status":"closed","sticky":false,"template":"","format":"standard","meta":{"fifu_image_url":"","fifu_image_alt":"","footnotes":""},"categories":[73,53],"tags":[],"class_list":["post-98634","post","type-post","status-publish","format-standard","hentry","category-actualite","category-algerie"],"_links":{"self":[{"href":"https:\/\/linitiative.ca\/International\/wp-json\/wp\/v2\/posts\/98634","targetHints":{"allow":["GET"]}}],"collection":[{"href":"https:\/\/linitiative.ca\/International\/wp-json\/wp\/v2\/posts"}],"about":[{"href":"https:\/\/linitiative.ca\/International\/wp-json\/wp\/v2\/types\/post"}],"author":[{"embeddable":true,"href":"https:\/\/linitiative.ca\/International\/wp-json\/wp\/v2\/users\/1744"}],"replies":[{"embeddable":true,"href":"https:\/\/linitiative.ca\/International\/wp-json\/wp\/v2\/comments?post=98634"}],"version-history":[{"count":0,"href":"https:\/\/linitiative.ca\/International\/wp-json\/wp\/v2\/posts\/98634\/revisions"}],"wp:attachment":[{"href":"https:\/\/linitiative.ca\/International\/wp-json\/wp\/v2\/media?parent=98634"}],"wp:term":[{"taxonomy":"category","embeddable":true,"href":"https:\/\/linitiative.ca\/International\/wp-json\/wp\/v2\/categories?post=98634"},{"taxonomy":"post_tag","embeddable":true,"href":"https:\/\/linitiative.ca\/International\/wp-json\/wp\/v2\/tags?post=98634"}],"curies":[{"name":"wp","href":"https:\/\/api.w.org\/{rel}","templated":true}]}}