{"id":98636,"date":"2020-09-12T11:32:03","date_gmt":"2020-09-12T15:32:03","guid":{"rendered":"https:\/\/linitiative.ca\/International\/109615-coa-l-assemblee-elective-aura-lieu-dans-la-serenite\/"},"modified":"2020-09-12T11:32:03","modified_gmt":"2020-09-12T15:32:03","slug":"109615-coa-l-assemblee-elective-aura-lieu-dans-la-serenite","status":"publish","type":"post","link":"https:\/\/linitiative.ca\/International\/109615-coa-l-assemblee-elective-aura-lieu-dans-la-serenite\/","title":{"rendered":"COA: l\u2019assembl\u00e9e \u00e9lective aura lieu dans la s\u00e9r\u00e9nit\u00e9"},"content":{"rendered":"<div readability=\"39\">\n<p><strong>ALGER &#8211; Le Comit\u00e9 Olympique et sportif alg\u00e9rien (COA) a rassur\u00e9, vendredi dans un communiqu\u00e9, que l\u2019assembl\u00e9e g\u00e9n\u00e9rale \u00e9lective de samedi 12 septembre, pr\u00e9vue \u00e0 son si\u00e8ge sera d\u00e9roulera dans la s\u00e9r\u00e9nit\u00e9 la plus totale et le respect de toutes les dispositions \u00e9dict\u00e9es en mesures prudentielles sanitaires, prises pour la circonstance.<\/strong><\/p>\n<\/div>\n<div readability=\"78\">\n<p>\u00ab\u00a0Le COA a pris toutes les mesures sanitaires n\u00e9cessaires pour le d\u00e9roulement et la r\u00e9ussite de son AG \u00e9lective, y compris le test rapide de s\u00e9rologie\u00a0\u00bb, a indiqu\u00e9 l\u2019instance olympique, \u00e0 l\u2019intention des membres de l\u2019AG et r\u00e9pondant \u00e0 la demande de report du candidat \u00e0 l\u2019\u00e9lection, Sid Ali Lebib.<\/p>\n<p>Le candidat \u00e0 la pr\u00e9sidence du COA, Sid-Ali Lebib a demand\u00e9 vendredi le report sine die de l&rsquo;AGE \u00e0 une date ult\u00e9rieure, en raison de \u00ab\u00a0l&rsquo;absence des conditions sanitaires\u00a0\u00bb pour son d\u00e9roulement. Il a mis en cause l&rsquo;exigu\u00eft\u00e9 de la salle ou se d\u00e9rouleront les \u00e9lections, ce qui ne permet pas, a-t-il dit, \u00a0\u00bb d&rsquo;assurer la s\u00e9curit\u00e9 sanitaire des participants, conform\u00e9ment aux dispositions r\u00e9gissant les mesures pr\u00e9ventives du Covid-19&Prime;.<\/p>\n<p>Dans son communiqu\u00e9 adress\u00e9 \u00e0 l\u2019APS, Sid Ali Lebib a ajout\u00e9: \u00ab\u00a0faute quoi, je me trouve contraint de consid\u00e9rer que ma candidature ne peut \u00eatre engag\u00e9e pour cautionner une d\u00e9marche qui souffre de la s\u00e9r\u00e9nit\u00e9 n\u00e9cessaire pour la r\u00e9ussite de ce rendez-vous\u00a0\u00bb.<\/p>\n<p>En r\u00e9ponse \u00e0 cette menace de retrait, le Comit\u00e9 olympique et sportif alg\u00e9rien (COA) s\u2019est dit \u00e9tonn\u00e9 et surpris quant \u00e0 la substance du contenu de la lettre du candidat Sid Ali Lebib. \u00ab\u00a0Comme \u00e0 votre habitude, et \u00e0 chaque Assembl\u00e9e g\u00e9n\u00e9rale \u00e9lective, vous invoquez des motifs fallacieux pour justifier, aupr\u00e8s de l\u2019opinion publique et sportive alg\u00e9rienne, votre retrait, \u00e0 la derni\u00e8re minute. Les valeurs d\u00e9mocratiques et le choix souverain nous dictent, \u00e0 tous, le respect de la libre expression des membres de l\u2019assembl\u00e9e g\u00e9n\u00e9rale, compose d\u2019honorables personnalit\u00e9s et d\u2019authentiques champions \u00ab\u00a0, lit-on dans le communiqu\u00e9 de l\u2019instance olympique.<\/p>\n<p>Enfin, le COA a tenu \u00e0 rappeler, que le candidat avait d\u00e9pos\u00e9 personnellement sa candidature et avait \u00e9t\u00e9 inform\u00e9 et clairement notifi\u00e9 sur son invitation, du lieu exact du d\u00e9roulement de l\u2019assembl\u00e9e 15 jours avant la date de sa tenue au si\u00e8ge qu\u2019il connait depuis si longtemps.<\/p>\n<\/div>\n<p>Auteur:<br \/>\n<a href=\"http:\/\/www.aps.dz\/sport\/109615-coa-l-assemblee-elective-aura-lieu-dans-la-serenite?utm_source=feedburner&#038;utm_medium=feed&#038;utm_campaign=Feed%3A+aps-sport+%28APS+-+SPORT%29\">Cliquez ici pour lire l&rsquo;article depuis sa source.<\/a><\/p>\n","protected":false},"excerpt":{"rendered":"<p>ALGER &#8211; Le Comit\u00e9 Olympique et sportif alg\u00e9rien (COA) a rassur\u00e9, vendredi dans un communiqu\u00e9, que l\u2019assembl\u00e9e g\u00e9n\u00e9rale \u00e9lective de samedi 12 septembre, pr\u00e9vue \u00e0 son si\u00e8ge sera d\u00e9roulera dans la s\u00e9r\u00e9nit\u00e9 la plus totale et le respect de toutes les dispositions \u00e9dict\u00e9es en mesures prudentielles sanitaires, prises pour la circonstance. \u00ab\u00a0Le COA a pris [&hellip;]<\/p>\n","protected":false},"author":1790,"featured_media":0,"comment_status":"closed","ping_status":"closed","sticky":false,"template":"","format":"standard","meta":{"fifu_image_url":"","fifu_image_alt":"","footnotes":""},"categories":[53,75],"tags":[],"class_list":["post-98636","post","type-post","status-publish","format-standard","hentry","category-algerie","category-sport"],"_links":{"self":[{"href":"https:\/\/linitiative.ca\/International\/wp-json\/wp\/v2\/posts\/98636","targetHints":{"allow":["GET"]}}],"collection":[{"href":"https:\/\/linitiative.ca\/International\/wp-json\/wp\/v2\/posts"}],"about":[{"href":"https:\/\/linitiative.ca\/International\/wp-json\/wp\/v2\/types\/post"}],"author":[{"embeddable":true,"href":"https:\/\/linitiative.ca\/International\/wp-json\/wp\/v2\/users\/1790"}],"replies":[{"embeddable":true,"href":"https:\/\/linitiative.ca\/International\/wp-json\/wp\/v2\/comments?post=98636"}],"version-history":[{"count":0,"href":"https:\/\/linitiative.ca\/International\/wp-json\/wp\/v2\/posts\/98636\/revisions"}],"wp:attachment":[{"href":"https:\/\/linitiative.ca\/International\/wp-json\/wp\/v2\/media?parent=98636"}],"wp:term":[{"taxonomy":"category","embeddable":true,"href":"https:\/\/linitiative.ca\/International\/wp-json\/wp\/v2\/categories?post=98636"},{"taxonomy":"post_tag","embeddable":true,"href":"https:\/\/linitiative.ca\/International\/wp-json\/wp\/v2\/tags?post=98636"}],"curies":[{"name":"wp","href":"https:\/\/api.w.org\/{rel}","templated":true}]}}