{"id":98637,"date":"2020-09-12T11:37:14","date_gmt":"2020-09-12T15:37:14","guid":{"rendered":"https:\/\/linitiative.ca\/International\/109616-coa-sid-ali-lebib-se-retire-de-la-course-a-la-presidence\/"},"modified":"2020-09-12T11:37:14","modified_gmt":"2020-09-12T15:37:14","slug":"109616-coa-sid-ali-lebib-se-retire-de-la-course-a-la-presidence","status":"publish","type":"post","link":"https:\/\/linitiative.ca\/International\/109616-coa-sid-ali-lebib-se-retire-de-la-course-a-la-presidence\/","title":{"rendered":"COA: Sid-Ali Lebib se retire de la course \u00e0 la pr\u00e9sidence"},"content":{"rendered":"<div readability=\"36\">\n<p><strong>ALGER &#8211; Sid-Ali Lebib, candidat aux \u00e9lections de pr\u00e9sident du Comit\u00e9 olympique et sportif alg\u00e9rien (COA), a annonc\u00e9 son retrait de la course \u00e0 la pr\u00e9sidence de l\u2019instance olympique dont l\u2019assembl\u00e9e g\u00e9n\u00e9rale \u00e9lective se d\u00e9roule actuellement au si\u00e8ge du COA \u00e0 Ben Aknoun (Alger).<\/strong><\/p>\n<\/div>\n<div readability=\"64\">\n<p>L\u2019ancien pr\u00e9sident du COA, athl\u00e8te et pr\u00e9sident de la F\u00e9d\u00e9ration alg\u00e9rienne de judo (FAJ), a annonc\u00e9 son retrait dans une correspondance envoy\u00e9e vendredi soir au secr\u00e9tariat g\u00e9n\u00e9ral de l\u2019instance olympique.<\/p>\n<p>L\u2019ex-ministre de la Jeunesse et des Sports a motiv\u00e9 son retrait de derni\u00e8re minute par \u00ab l\u2019absence des mesures et les conditions sanitaires exig\u00e9es par les pouvoirs publics dans ce genre d\u2019\u00e9v\u00e8nement, chose qui a \u00e9t\u00e9 cat\u00e9goriquement d\u00e9mentie par le secr\u00e9taire g\u00e9n\u00e9ral du COA.<\/p>\n<blockquote readability=\"11\">\n<p><em><strong>\u00abJe vous fait part de notre \u00e9tonnement et notre surprise quant au contenu de votre courrier. Comme \u00e0 votre habitude, \u00e0 chaque assembl\u00e9e g\u00e9n\u00e9rale \u00e9lective, vous invoquez des motifs fallacieux pour justifier aupr\u00e8s de l\u2019opinion publique et sportive votre retrait \u00e0 la derni\u00e8re minute.\u00bb, a r\u00e9pondu le secr\u00e9taire g\u00e9n\u00e9ral du COA dans une lettre adress\u00e9e au candidat.<\/strong><\/em><\/p>\n<\/blockquote>\n<p>L\u2019assembl\u00e9e g\u00e9n\u00e9rale \u00e9lective (AGE) se poursuit avec la pr\u00e9sence d\u00e9sormais de trois candidats : Abderrahmane Hammad, m\u00e9daill\u00e9 de bronze aux JO-2000 de Sydney, Soumia Fergani, ex-d\u00e9put\u00e9e \u00e0 l&rsquo;Assembl\u00e9e populaire nationale (APN) et premi\u00e8re arbitre internationale de football et Mabrouk Kerboua, ex-pr\u00e9sident de la F\u00e9d\u00e9ration alg\u00e9rienne de cyclisme (FAC).<\/p>\n<p>Il est \u00e0 rappeler qu&rsquo;apr\u00e8s la d\u00e9mission de Mustapha Berraf, ent\u00e9rin\u00e9e le 12 mai dernier par le bureau ex\u00e9cutif, la pr\u00e9sidence par int\u00e9rim du COA avait \u00e9t\u00e9 confi\u00e9e, en application des statuts de l&rsquo;instance, \u00e0 Mohamed Meridja, charg\u00e9 de la gestion des affaires courantes du COA et de pr\u00e9parer la prochaine assembl\u00e9e g\u00e9n\u00e9rale \u00e9lective.<\/p>\n<\/div>\n<p>Auteur:<br \/>\n<a href=\"http:\/\/www.aps.dz\/sport\/109616-coa-sid-ali-lebib-se-retire-de-la-course-a-la-presidence?utm_source=feedburner&#038;utm_medium=feed&#038;utm_campaign=Feed%3A+aps-sport+%28APS+-+SPORT%29\">Cliquez ici pour lire l&rsquo;article depuis sa source.<\/a><\/p>\n","protected":false},"excerpt":{"rendered":"<p>ALGER &#8211; Sid-Ali Lebib, candidat aux \u00e9lections de pr\u00e9sident du Comit\u00e9 olympique et sportif alg\u00e9rien (COA), a annonc\u00e9 son retrait de la course \u00e0 la pr\u00e9sidence de l\u2019instance olympique dont l\u2019assembl\u00e9e g\u00e9n\u00e9rale \u00e9lective se d\u00e9roule actuellement au si\u00e8ge du COA \u00e0 Ben Aknoun (Alger). L\u2019ancien pr\u00e9sident du COA, athl\u00e8te et pr\u00e9sident de la F\u00e9d\u00e9ration alg\u00e9rienne [&hellip;]<\/p>\n","protected":false},"author":1790,"featured_media":0,"comment_status":"closed","ping_status":"closed","sticky":false,"template":"","format":"standard","meta":{"fifu_image_url":"","fifu_image_alt":"","footnotes":""},"categories":[53,75],"tags":[],"class_list":["post-98637","post","type-post","status-publish","format-standard","hentry","category-algerie","category-sport"],"_links":{"self":[{"href":"https:\/\/linitiative.ca\/International\/wp-json\/wp\/v2\/posts\/98637","targetHints":{"allow":["GET"]}}],"collection":[{"href":"https:\/\/linitiative.ca\/International\/wp-json\/wp\/v2\/posts"}],"about":[{"href":"https:\/\/linitiative.ca\/International\/wp-json\/wp\/v2\/types\/post"}],"author":[{"embeddable":true,"href":"https:\/\/linitiative.ca\/International\/wp-json\/wp\/v2\/users\/1790"}],"replies":[{"embeddable":true,"href":"https:\/\/linitiative.ca\/International\/wp-json\/wp\/v2\/comments?post=98637"}],"version-history":[{"count":0,"href":"https:\/\/linitiative.ca\/International\/wp-json\/wp\/v2\/posts\/98637\/revisions"}],"wp:attachment":[{"href":"https:\/\/linitiative.ca\/International\/wp-json\/wp\/v2\/media?parent=98637"}],"wp:term":[{"taxonomy":"category","embeddable":true,"href":"https:\/\/linitiative.ca\/International\/wp-json\/wp\/v2\/categories?post=98637"},{"taxonomy":"post_tag","embeddable":true,"href":"https:\/\/linitiative.ca\/International\/wp-json\/wp\/v2\/tags?post=98637"}],"curies":[{"name":"wp","href":"https:\/\/api.w.org\/{rel}","templated":true}]}}