{"id":98638,"date":"2020-09-12T11:38:40","date_gmt":"2020-09-12T15:38:40","guid":{"rendered":"https:\/\/linitiative.ca\/International\/109617-abderrahamne-hammad-nouveau-president-du-coa\/"},"modified":"2020-09-12T11:38:40","modified_gmt":"2020-09-12T15:38:40","slug":"109617-abderrahamne-hammad-nouveau-president-du-coa","status":"publish","type":"post","link":"https:\/\/linitiative.ca\/International\/109617-abderrahamne-hammad-nouveau-president-du-coa\/","title":{"rendered":"Abderrahamne Hammad nouveau pr\u00e9sident du COA"},"content":{"rendered":"<div readability=\"36\">\n<p><strong>ALGER &#8211; Abderrahmane Hammad a \u00e9t\u00e9 \u00e9lu nouveau pr\u00e9sident du Comit\u00e9 olympique et sportif alg\u00e9rien (COA), samedi \u00e0 l&rsquo;issue de l&rsquo;assembl\u00e9e g\u00e9n\u00e9rale \u00e9lective (AGE), tenue au si\u00e8ge de l&rsquo;instance olympique \u00e0 Be Aknoun Alger.<\/strong><\/p>\n<\/div>\n<div readability=\"97.173842404549\">\n<p><em><strong>Le nouveau pr\u00e9sident du COA a r\u00e9colt\u00e9 105 voix,<\/strong><\/em> soit 60 voix des f\u00e9d\u00e9rations olympiques qui poss\u00e8dent chacune quatre voix et 45 voix des f\u00e9d\u00e9rations non olympiques qui poss\u00e8dent une seule voix chacune.<\/p>\n<p>De leur c\u00f4t\u00e9, <em><strong>Mabrouk Kerboua a r\u00e9colt\u00e9 32 voix<\/strong><\/em> (24 voix des f\u00e9d\u00e9rations olympiques), alors que <em><strong>Soumia Fergani a r\u00e9colt\u00e9 5 voix<\/strong><\/em> (4 voix des f\u00e9d\u00e9rations olympiques).<\/p>\n<p>Les travaux de l&rsquo;AG \u00e9lective du COA se sont d\u00e9roul\u00e9s en pr\u00e9sence de 80 membres sur les 90 que compte l&rsquo;assembl\u00e9e g\u00e9n\u00e9rale dont 22 f\u00e9d\u00e9rations olympiques.<\/p>\n<hr\/>\n<h3>Lire aussi:\u00a0<a href=\"http:\/\/www.aps.dz\/sport\/109618-coa-mon-election-permettra-d-achever-le-mandat-olympique-dans-la-plus-grande-serenite\" target=\"_blank\" rel=\"noopener noreferrer\">COA: \u00ab\u00a0mon \u00e9lection permettra d&rsquo;achever le mandat olympique dans la plus grande s\u00e9r\u00e9nit\u00e9\u00a0\u00bb\u00a0<\/a><\/h3>\n<hr\/>\n<blockquote readability=\"9\">\n<p><em><strong>Plusieurs fois champions d&rsquo;Afrique et m\u00e9daill\u00e9 de bronze aux JO-2000 de Sydney, Hammad qui est \u00e9lu pour g\u00e9rer le reste du mandat olympique (2017-2020), succ\u00e8de \u00e0 Mustapha Berraf qui avait d\u00e9missionn\u00e9 de la pr\u00e9sidence le mois de mai dernier.<\/strong><\/em><\/p>\n<\/blockquote>\n<p>Trois candidats \u00e9taient en lice: Abderrahmane Hammad, m\u00e9daill\u00e9 de bronze aux JO-2000 de Sydney, Soumia Fergani, ex-d\u00e9put\u00e9e \u00e0 l&rsquo;Assembl\u00e9e populaire nationale (APN) et premi\u00e8re arbitre internationale de football et Mabrouk Kerboua, ex-pr\u00e9sident de la F\u00e9d\u00e9ration alg\u00e9rienne de cyclisme (FAC).<\/p>\n<p>De son c\u00f4t\u00e9, <em><strong><a href=\"http:\/\/www.aps.dz\/sport\/109616-coa-sid-ali-lebib-se-retire-de-la-course-a-la-presidence\" target=\"_blank\" rel=\"noopener noreferrer\">Sid-Ali Lebib, ancien ministre de la Jeunesse et des Sports et ex-pr\u00e9sident du COA, avait annonc\u00e9 son retrait<\/a><\/strong><\/em> juste avant le d\u00e9but des travaux dans lettre adress\u00e9e au secr\u00e9tariat g\u00e9n\u00e9ral du COA.<\/p>\n<p>Il est \u00e0 rappeler qu&rsquo;apr\u00e8s la d\u00e9mission de Mustapha Berraf, ent\u00e9rin\u00e9e le 12 mai dernier par le bureau ex\u00e9cutif, la pr\u00e9sidence par int\u00e9rim du COA avait \u00e9t\u00e9 confi\u00e9e, en application des statuts de l&rsquo;instance, \u00e0 Mohamed Meridja, charg\u00e9 de la gestion des affaires courantes du COA et de pr\u00e9parer la prochaine assembl\u00e9e g\u00e9n\u00e9rale \u00e9lective.<\/p>\n<p class=\"c30\"><strong>Les pr\u00e9sidents du COA depuis 1963<\/strong><\/p>\n<p>Les pr\u00e9sidents du Comit\u00e9 olympique et sportif alg\u00e9rien (COA) depuis sa cr\u00e9ation en1963, \u00e0 l&rsquo;issue de l&rsquo;\u00e9lection ce samedi \u00e0 Alger de Abderrahmane Hammad \u00e0 la t\u00eate de cette instance.<\/p>\n<p>&#8211; Mohand Amokrane Maouche (1963-1965).<\/p>\n<p>&#8211; Hadj Omar Dahmoun (1965-1968)<\/p>\n<p>&#8211; Mohamed Zerguini (1968-1983)<\/p>\n<p>&#8211; Abdenour Bekka (1983-1984)<\/p>\n<p>-Mohamed Salah Mentouri (1984-1988)<\/p>\n<p>&#8211; Si Mohamed Baghdadi (1988-1989)<\/p>\n<p>&#8211; Mohamed Salah Mentouri (1989-1993)<\/p>\n<p>&#8211; Sid- Ali Lebib (1993-1996)<\/p>\n<p>&#8211; Mustapha Berraf (1996-1998)<\/p>\n<p>&#8211; Mustapha Larfaoui (1998-2001)<\/p>\n<p>&#8211; Mustapha Berraf (2001-2009)<\/p>\n<p>&#8211; Rachid Hanifi (2009-2013)<\/p>\n<p>&#8211; Mustapha Berraf (2013-2020)<\/p>\n<p>&#8211; Abderrahmane Hammad (2020-&#8230;).<\/p>\n<\/div>\n<p>Auteur:<br \/>\n<a href=\"http:\/\/www.aps.dz\/sport\/109617-abderrahamne-hammad-nouveau-president-du-coa?utm_source=feedburner&#038;utm_medium=feed&#038;utm_campaign=Feed%3A+aps-sport+%28APS+-+SPORT%29\">Cliquez ici pour lire l&rsquo;article depuis sa source.<\/a><\/p>\n","protected":false},"excerpt":{"rendered":"<p>ALGER &#8211; Abderrahmane Hammad a \u00e9t\u00e9 \u00e9lu nouveau pr\u00e9sident du Comit\u00e9 olympique et sportif alg\u00e9rien (COA), samedi \u00e0 l&rsquo;issue de l&rsquo;assembl\u00e9e g\u00e9n\u00e9rale \u00e9lective (AGE), tenue au si\u00e8ge de l&rsquo;instance olympique \u00e0 Be Aknoun Alger. Le nouveau pr\u00e9sident du COA a r\u00e9colt\u00e9 105 voix, soit 60 voix des f\u00e9d\u00e9rations olympiques qui poss\u00e8dent chacune quatre voix et [&hellip;]<\/p>\n","protected":false},"author":1790,"featured_media":0,"comment_status":"closed","ping_status":"closed","sticky":false,"template":"","format":"standard","meta":{"fifu_image_url":"","fifu_image_alt":"","footnotes":""},"categories":[53,75],"tags":[],"class_list":["post-98638","post","type-post","status-publish","format-standard","hentry","category-algerie","category-sport"],"_links":{"self":[{"href":"https:\/\/linitiative.ca\/International\/wp-json\/wp\/v2\/posts\/98638","targetHints":{"allow":["GET"]}}],"collection":[{"href":"https:\/\/linitiative.ca\/International\/wp-json\/wp\/v2\/posts"}],"about":[{"href":"https:\/\/linitiative.ca\/International\/wp-json\/wp\/v2\/types\/post"}],"author":[{"embeddable":true,"href":"https:\/\/linitiative.ca\/International\/wp-json\/wp\/v2\/users\/1790"}],"replies":[{"embeddable":true,"href":"https:\/\/linitiative.ca\/International\/wp-json\/wp\/v2\/comments?post=98638"}],"version-history":[{"count":0,"href":"https:\/\/linitiative.ca\/International\/wp-json\/wp\/v2\/posts\/98638\/revisions"}],"wp:attachment":[{"href":"https:\/\/linitiative.ca\/International\/wp-json\/wp\/v2\/media?parent=98638"}],"wp:term":[{"taxonomy":"category","embeddable":true,"href":"https:\/\/linitiative.ca\/International\/wp-json\/wp\/v2\/categories?post=98638"},{"taxonomy":"post_tag","embeddable":true,"href":"https:\/\/linitiative.ca\/International\/wp-json\/wp\/v2\/tags?post=98638"}],"curies":[{"name":"wp","href":"https:\/\/api.w.org\/{rel}","templated":true}]}}