{"id":98641,"date":"2020-09-12T11:47:00","date_gmt":"2020-09-12T15:47:00","guid":{"rendered":"https:\/\/linitiative.ca\/International\/le-pr-belhocine-evoque-les-enquetes-epidemiologiques\/"},"modified":"2020-09-12T11:47:00","modified_gmt":"2020-09-12T15:47:00","slug":"le-pr-belhocine-evoque-les-enquetes-epidemiologiques","status":"publish","type":"post","link":"https:\/\/linitiative.ca\/International\/le-pr-belhocine-evoque-les-enquetes-epidemiologiques\/","title":{"rendered":"Le Pr Belhocine \u00e9voque les enqu\u00eates \u00e9pid\u00e9miologiques"},"content":{"rendered":"<p><br id=\"sep_para_1\" class=\"sep_para access\"\/><\/p>\n<div id=\"para_1\" class=\"para_38606325 resize\">\n<div class=\"texte access firstletter\">Le pr\u00e9sident de la cellule charg\u00e9e d\u2019investigations et des enqu\u00eates \u00e9pid\u00e9miologies dans le cadre de le lutte contre le coronavirus (covid-19), professeur Mohamed Belhocine, a expliqu\u00e9 l\u2019importance des enqu\u00eates \u00e9pid\u00e9miologiques dans le lutte contre le virus. Comme rapport\u00e9 par El Watan, lors d\u2019une visite de travail \u00e0 Tizi Ouzou, vendredi, le professeur Mohamed Belhocine, pr\u00e9sident de la cellule charg\u00e9e d\u2019investigations et des enqu\u00eates \u00e9pid\u00e9miologies dans le cadre de le lutte contre le coronavirus (covid-19), s\u2019est arr\u00eat\u00e9 sur \u00ab le r\u00f4le des enqu\u00eates \u00e9pid\u00e9miologiques dans la lutte contre le virus \u00bb, et a rappel\u00e9 que \u00ab l\u2019identification des sujets contacts dans l\u2019entourage des personnes atteintes du virus, permettait de ma\u00eetriser le contagion \u00bb, ainsi, il a appel\u00e9 \u00ab \u00e0 privil\u00e9gier l\u2019identification de ces sujets \u00bb. \u00ab Les enqu\u00eates \u00e9pid\u00e9miologiques son indispensables dans le processus de lutte contre la propagation de coronavirus \u00bb, a-t-il soulign\u00e9.<\/div>\n<\/div>\n<p>Auteur: R\u00e9flexion<br \/>\n<a href=\"https:\/\/www.reflexiondz.net\/Le-Pr-Belhocine-evoque-les-enquetes-epidemiologiques_a65232.html\">Cliquez ici pour lire l&rsquo;article depuis sa source.<\/a><\/p>\n","protected":false},"excerpt":{"rendered":"<p>Le pr\u00e9sident de la cellule charg\u00e9e d\u2019investigations et des enqu\u00eates \u00e9pid\u00e9miologies dans le cadre de le lutte contre le coronavirus (covid-19), professeur Mohamed Belhocine, a expliqu\u00e9 l\u2019importance des enqu\u00eates \u00e9pid\u00e9miologiques dans le lutte contre le virus. Comme rapport\u00e9 par El Watan, lors d\u2019une visite de travail \u00e0 Tizi Ouzou, vendredi, le professeur Mohamed Belhocine, pr\u00e9sident [&hellip;]<\/p>\n","protected":false},"author":1740,"featured_media":0,"comment_status":"closed","ping_status":"closed","sticky":false,"template":"","format":"standard","meta":{"fifu_image_url":"","fifu_image_alt":"","footnotes":""},"categories":[53,76],"tags":[],"class_list":["post-98641","post","type-post","status-publish","format-standard","hentry","category-algerie","category-regions"],"_links":{"self":[{"href":"https:\/\/linitiative.ca\/International\/wp-json\/wp\/v2\/posts\/98641","targetHints":{"allow":["GET"]}}],"collection":[{"href":"https:\/\/linitiative.ca\/International\/wp-json\/wp\/v2\/posts"}],"about":[{"href":"https:\/\/linitiative.ca\/International\/wp-json\/wp\/v2\/types\/post"}],"author":[{"embeddable":true,"href":"https:\/\/linitiative.ca\/International\/wp-json\/wp\/v2\/users\/1740"}],"replies":[{"embeddable":true,"href":"https:\/\/linitiative.ca\/International\/wp-json\/wp\/v2\/comments?post=98641"}],"version-history":[{"count":0,"href":"https:\/\/linitiative.ca\/International\/wp-json\/wp\/v2\/posts\/98641\/revisions"}],"wp:attachment":[{"href":"https:\/\/linitiative.ca\/International\/wp-json\/wp\/v2\/media?parent=98641"}],"wp:term":[{"taxonomy":"category","embeddable":true,"href":"https:\/\/linitiative.ca\/International\/wp-json\/wp\/v2\/categories?post=98641"},{"taxonomy":"post_tag","embeddable":true,"href":"https:\/\/linitiative.ca\/International\/wp-json\/wp\/v2\/tags?post=98641"}],"curies":[{"name":"wp","href":"https:\/\/api.w.org\/{rel}","templated":true}]}}