{"id":98643,"date":"2020-09-12T11:48:00","date_gmt":"2020-09-12T15:48:00","guid":{"rendered":"https:\/\/linitiative.ca\/International\/le-pt-affirme-quil-nest-pas-represente-a-lapn\/"},"modified":"2020-09-12T11:48:00","modified_gmt":"2020-09-12T15:48:00","slug":"le-pt-affirme-quil-nest-pas-represente-a-lapn","status":"publish","type":"post","link":"https:\/\/linitiative.ca\/International\/le-pt-affirme-quil-nest-pas-represente-a-lapn\/","title":{"rendered":"Le PT affirme  qu\u2019il n\u2019est pas repr\u00e9sent\u00e9 \u00e0 l\u2019APN"},"content":{"rendered":"<p><br id=\"sep_para_1\" class=\"sep_para access\"\/><\/p>\n<div id=\"para_1\" class=\"para_38606330 resize\">\n<div class=\"photo shadow left\"><a href=\"javascript:void(0)\" rel=\"https:\/\/www.reflexiondz.net\/photo\/art\/grande\/49760076-38606330.jpg?v=1599929940&amp;ibox\" title=\"Le PT affirme qu\u2019il n\u2019est pas repr\u00e9sent\u00e9 \u00e0 l\u2019APN\"><img decoding=\"async\" class=\"responsive c9\" src=\"https:\/\/www.reflexiondz.net\/photo\/art\/grande\/49760076-38606330.jpg?v=1599929940\" alt=\"Le PT affirme qu\u2019il n\u2019est pas repr\u00e9sent\u00e9 \u00e0 l\u2019APN\" title=\"Le PT affirme qu\u2019il n\u2019est pas repr\u00e9sent\u00e9 \u00e0 l\u2019APN\"\/><img decoding=\"async\" class=\"not-responsive\" src=\"https:\/\/www.reflexiondz.net\/photo\/art\/default\/49760076-38606330.jpg?v=1599929942\" alt=\"Le PT affirme qu\u2019il n\u2019est pas repr\u00e9sent\u00e9 \u00e0 l\u2019APN\" title=\"Le PT affirme qu\u2019il n\u2019est pas repr\u00e9sent\u00e9 \u00e0 l\u2019APN\"\/><\/a><\/div>\n<div class=\"texte access firstletter\">Dans un communiqu\u00e9 rendu public,\u00a0 le bureau politique de parti les travailleurs (PT), a affirm\u00e9 ne pas avoir de groupe parlementaire pour le repr\u00e9senter au sein de l\u2019assembl\u00e9e populaire nationale (APN), et ce depuis mars 2019. En effet,\u00a0 dans le m\u00eame document, le parti les travailleurs, parti politique de Louisa Hanoune, a rappel\u00e9 qu\u2019en mars 2019, et en r\u00e9ponse aux revendications du\u00a0 Hirak populaire, \u00ab le parti avait d\u00e9cid\u00e9 de d\u00e9missionner de l\u2019APN \u00bb. Cependant, le PT a expliqu\u00e9 que \u00ab certains de ses d\u00e9put\u00e9s avaient refus\u00e9 de d\u00e9missionner \u00bb et \u00ab continuent de r\u00e9clamer leur appartenance au parti \u00bb. Ainsi, le PT a insist\u00e9 sur le fait \u00ab qu\u2019aucun groupe parlementaire ne le repr\u00e9sentait au sein de l\u2019APN depuis mars 2019 \u00bb, et que \u00ab ceux qui parlent en son nom sont les usurpateurs \u00bb.<\/div>\n<\/div>\n<p>Auteur: R\u00e9flexion<br \/>\n<a href=\"https:\/\/www.reflexiondz.net\/Le-PT-affirme-qu-il-n-est-pas-represente-a-l-APN_a65234.html\">Cliquez ici pour lire l&rsquo;article depuis sa source.<\/a><\/p>\n","protected":false},"excerpt":{"rendered":"<p>Dans un communiqu\u00e9 rendu public,\u00a0 le bureau politique de parti les travailleurs (PT), a affirm\u00e9 ne pas avoir de groupe parlementaire pour le repr\u00e9senter au sein de l\u2019assembl\u00e9e populaire nationale (APN), et ce depuis mars 2019. En effet,\u00a0 dans le m\u00eame document, le parti les travailleurs, parti politique de Louisa Hanoune, a rappel\u00e9 qu\u2019en mars [&hellip;]<\/p>\n","protected":false},"author":1740,"featured_media":0,"comment_status":"closed","ping_status":"closed","sticky":false,"template":"","format":"standard","meta":{"fifu_image_url":"","fifu_image_alt":"","footnotes":""},"categories":[53,76],"tags":[],"class_list":["post-98643","post","type-post","status-publish","format-standard","hentry","category-algerie","category-regions"],"_links":{"self":[{"href":"https:\/\/linitiative.ca\/International\/wp-json\/wp\/v2\/posts\/98643","targetHints":{"allow":["GET"]}}],"collection":[{"href":"https:\/\/linitiative.ca\/International\/wp-json\/wp\/v2\/posts"}],"about":[{"href":"https:\/\/linitiative.ca\/International\/wp-json\/wp\/v2\/types\/post"}],"author":[{"embeddable":true,"href":"https:\/\/linitiative.ca\/International\/wp-json\/wp\/v2\/users\/1740"}],"replies":[{"embeddable":true,"href":"https:\/\/linitiative.ca\/International\/wp-json\/wp\/v2\/comments?post=98643"}],"version-history":[{"count":0,"href":"https:\/\/linitiative.ca\/International\/wp-json\/wp\/v2\/posts\/98643\/revisions"}],"wp:attachment":[{"href":"https:\/\/linitiative.ca\/International\/wp-json\/wp\/v2\/media?parent=98643"}],"wp:term":[{"taxonomy":"category","embeddable":true,"href":"https:\/\/linitiative.ca\/International\/wp-json\/wp\/v2\/categories?post=98643"},{"taxonomy":"post_tag","embeddable":true,"href":"https:\/\/linitiative.ca\/International\/wp-json\/wp\/v2\/tags?post=98643"}],"curies":[{"name":"wp","href":"https:\/\/api.w.org\/{rel}","templated":true}]}}