{"id":98644,"date":"2020-09-12T12:38:00","date_gmt":"2020-09-12T16:38:00","guid":{"rendered":"https:\/\/linitiative.ca\/International\/visite-inopinee-du-wali-de-mostaganem-a-la-commune-de-kheir-eddine-le-maire-absent\/"},"modified":"2020-09-12T12:38:00","modified_gmt":"2020-09-12T16:38:00","slug":"visite-inopinee-du-wali-de-mostaganem-a-la-commune-de-kheir-eddine-le-maire-absent","status":"publish","type":"post","link":"https:\/\/linitiative.ca\/International\/visite-inopinee-du-wali-de-mostaganem-a-la-commune-de-kheir-eddine-le-maire-absent\/","title":{"rendered":"VISITE INOPINEE DU WALI DE MOSTAGANEM  A LA COMMUNE DE KHEIR EDDINE : Le maire absent !"},"content":{"rendered":"<p><br id=\"sep_para_1\" class=\"sep_para access\"\/><\/p>\n<div id=\"para_1\" class=\"para_38606606 resize\">\n<div class=\"photo shadow left\"><a href=\"javascript:void(0)\" rel=\"https:\/\/www.reflexiondz.net\/photo\/art\/grande\/49760936-38606606.jpg?v=1599929935&amp;ibox\" title=\"VISITE INOPINEE DU WALI DE MOSTAGANEM A LA COMMUNE DE KHEIR EDDINE : Le maire absent !\"><img decoding=\"async\" class=\"responsive c9\" src=\"https:\/\/www.reflexiondz.net\/photo\/art\/grande\/49760936-38606606.jpg?v=1599929935\" alt=\"VISITE INOPINEE DU WALI DE MOSTAGANEM A LA COMMUNE DE KHEIR EDDINE : Le maire absent !\" title=\"VISITE INOPINEE DU WALI DE MOSTAGANEM A LA COMMUNE DE KHEIR EDDINE : Le maire absent !\"\/><img decoding=\"async\" class=\"not-responsive\" src=\"https:\/\/www.reflexiondz.net\/photo\/art\/default\/49760936-38606606.jpg?v=1599929936\" alt=\"VISITE INOPINEE DU WALI DE MOSTAGANEM A LA COMMUNE DE KHEIR EDDINE : Le maire absent !\" title=\"VISITE INOPINEE DU WALI DE MOSTAGANEM A LA COMMUNE DE KHEIR EDDINE : Le maire absent !\"\/><\/a><\/div>\n<div class=\"texte access firstletter\">Hier, samedi, le wali M. Aissa Boulahia en tenu tenue d\u00e9braill\u00e9e a fait une descente \u00e0 la commune de Kheir Eddine, \u00e0 8 km du centre-ville de Mostaganem. Devant le poste d\u2019entr\u00e9e du si\u00e8ge de la commune, le wali se pr\u00e9sentant comme un simple citoyen sollicitant une audience avec le maire de Kheir Eddine, mais au grand malheur du maire il n\u2019a pas \u00e9t\u00e9 re\u00e7u et pire encore le maire n\u2019\u00e9tait pas dans son poste ! L\u2019objet de cette sortie surprise serait, semble-t-il, pour avoir un aper\u00e7u sur la gestion des affaires de la population par les responsables locaux des communes et prendre des d\u00e9cisions s\u00e9v\u00e8res \u00e0 l\u2019encontre des cadres et \u00e9lus d\u00e9faillants. Des sources ont constat\u00e9, que des citoyens l\u2019ont aper\u00e7u sillonnant, le hall du si\u00e8ge de la commune, pour constater de visu, l\u2019absent\u00e9isme des \u00e9lus et autres cadres de la commune et l\u2019insouciance absolue des dirigeants ! Ainsi les visites inopin\u00e9es de ce wali vont rassurer le citoyen de la bonne gouvernance du nouveau patron de la wilaya et mettre un terme au laisser-aller de certains maires, chefs da\u00efras et directeurs qui font la sourde oreille aux dol\u00e9ances des citoyens et laissent les demandeurs d\u2019audiences clou\u00e9s devant la porte pendant des heures sans les recevoir m\u00eame durant les journ\u00e9es d\u2019audiences.<\/div>\n<\/div>\n<p>Auteur: Riad<br \/>\n<a href=\"https:\/\/www.reflexiondz.net\/VISITE-INOPINEE-DU-WALI-DE-MOSTAGANEM-A-LA-COMMUNE-DE-KHEIR-EDDINE-Le-maire-absent-_a65235.html\">Cliquez ici pour lire l&rsquo;article depuis sa source.<\/a><\/p>\n","protected":false},"excerpt":{"rendered":"<p>Hier, samedi, le wali M. Aissa Boulahia en tenu tenue d\u00e9braill\u00e9e a fait une descente \u00e0 la commune de Kheir Eddine, \u00e0 8 km du centre-ville de Mostaganem. Devant le poste d\u2019entr\u00e9e du si\u00e8ge de la commune, le wali se pr\u00e9sentant comme un simple citoyen sollicitant une audience avec le maire de Kheir Eddine, mais [&hellip;]<\/p>\n","protected":false},"author":1740,"featured_media":0,"comment_status":"closed","ping_status":"closed","sticky":false,"template":"","format":"standard","meta":{"fifu_image_url":"","fifu_image_alt":"","footnotes":""},"categories":[53,76],"tags":[],"class_list":["post-98644","post","type-post","status-publish","format-standard","hentry","category-algerie","category-regions"],"_links":{"self":[{"href":"https:\/\/linitiative.ca\/International\/wp-json\/wp\/v2\/posts\/98644","targetHints":{"allow":["GET"]}}],"collection":[{"href":"https:\/\/linitiative.ca\/International\/wp-json\/wp\/v2\/posts"}],"about":[{"href":"https:\/\/linitiative.ca\/International\/wp-json\/wp\/v2\/types\/post"}],"author":[{"embeddable":true,"href":"https:\/\/linitiative.ca\/International\/wp-json\/wp\/v2\/users\/1740"}],"replies":[{"embeddable":true,"href":"https:\/\/linitiative.ca\/International\/wp-json\/wp\/v2\/comments?post=98644"}],"version-history":[{"count":0,"href":"https:\/\/linitiative.ca\/International\/wp-json\/wp\/v2\/posts\/98644\/revisions"}],"wp:attachment":[{"href":"https:\/\/linitiative.ca\/International\/wp-json\/wp\/v2\/media?parent=98644"}],"wp:term":[{"taxonomy":"category","embeddable":true,"href":"https:\/\/linitiative.ca\/International\/wp-json\/wp\/v2\/categories?post=98644"},{"taxonomy":"post_tag","embeddable":true,"href":"https:\/\/linitiative.ca\/International\/wp-json\/wp\/v2\/tags?post=98644"}],"curies":[{"name":"wp","href":"https:\/\/api.w.org\/{rel}","templated":true}]}}