{"id":98647,"date":"2020-09-12T05:30:00","date_gmt":"2020-09-12T09:30:00","guid":{"rendered":"https:\/\/linitiative.ca\/International\/hubert-vedrine-et-apres\/"},"modified":"2020-09-12T05:30:00","modified_gmt":"2020-09-12T09:30:00","slug":"hubert-vedrine-et-apres","status":"publish","type":"post","link":"https:\/\/linitiative.ca\/International\/hubert-vedrine-et-apres\/","title":{"rendered":"Hubert V\u00e9drine: Et apr\u00e8s?"},"content":{"rendered":"<p>R\u00e9v\u00e9lations, confirmations, batailles de l\u2019apr\u00e8s, changer la vie\u2026 Hubert V\u00e9drine apporte une r\u00e9ponse pertinente \u00e0 tant d\u2019interrogations que nous impose la pand\u00e9mie de Covid-19. Dans un livre intitul\u00e9 Et apr\u00e8s ?, publi\u00e9 chez Fayard, l\u2019ancien secr\u00e9taire g\u00e9n\u00e9ral de l\u2019\u00c9lys\u00e9e puis ministre des Affaires \u00e9trang\u00e8res sous Fran\u00e7ois Mitterrand ne manque pas de pertinence. Avec son \u00e9criture serr\u00e9e et ses phrases percutantes, il annonce d\u2019embl\u00e9e la couleur. \u00abNous avons \u00e9t\u00e9 pris par surprise, c\u2019est indiscutable. Nous n\u2019\u00e9tions pas pr\u00e9par\u00e9s, c\u2019est prouv\u00e9. Pourtant, nous avions \u00e9t\u00e9 pr\u00e9venus, nous savions ce qui pourrait arriver. Mais il n\u2019est pire ignorant que celui qui ne veut pas savoir.\u00bb<\/p>\n<p>Cest pr\u00e9cis\u00e9ment dans cette qu\u00eate de savoir, comprendre et anticiper qu\u2019il entra\u00eene le lecteur, le guidant dans un cheminement balis\u00e9. \u00abSi tout ne va pas changer, rien ne sera exactement comme avant\u00bb, nous pr\u00e9vient Hubert V\u00e9drine. Comment nos modes de vie seront boulevers\u00e9s ? Quelle gouvernance mondiale? Pourquoi une demande de plus d\u2019\u00c9tat ? Quelles sont les quatre r\u00e9formes essentielles \u00e0 introduire et dans quelles conditions ? En quoi l\u2019imp\u00e9ratif de l\u2019\u00e9cologisation s\u2019imposera-t-il de plus en plus ? Comment se pr\u00e9sentera le monde d\u2019apr\u00e8s ? Autant de questions cruciales qui valent tant pour la France que pour l\u2019Europe, et qui trouvent \u00e9galement leur plein \u00e9cho en Tunisie et dans des pays similaires et proches.<\/p>\n<p>Le m\u00e9rite d\u2019Hubert V\u00e9drine, dans cet ouvrage court et dense, \u00e9gren\u00e9 en 22 chapitres concis, est \u00e0 la fois d\u2019interpeller le lecteur et de l\u2019amener \u00e0 esquisser les bonnes conduites \u00e0 tenir. Haletante, \u00e9crite \u00e0 chaud sous le confinement, cette pens\u00e9e d\u00e9li\u00e9e lance de grands d\u00e9bats qui ne seront pas pr\u00e8s d\u2019\u00eatre tranch\u00e9s.<\/p>\n<p>A lire absolument.<\/p>\n<p><strong>Et apr\u00e8s?<\/strong><\/p>\n<p><em><strong>de Hubert V\u00e9drine<br \/>(c) Librairie Arth\u00e8me Fayard,\u00a0 2020<br \/>Disponible en librairies en Tunisie<\/strong><\/em><\/p>\n<p><span class=\"c3\"><span class=\"c2\"><strong>Bonnes feuilles<\/strong><\/span><\/span><\/p>\n<p><span class=\"c5\"><span class=\"c4\"><strong>La bataille de l\u2019apr\u00e8s<\/strong><\/span><\/span><\/p>\n<p>\u00abLa bataille de l\u2019apr\u00e8s a \u00e9t\u00e9 engag\u00e9e tr\u00e8s t\u00f4t : l\u2019apr\u00e8s sera-t-il comme l\u2019avant ?<\/p>\n<p>(\u2026) Il n\u2019y a rien de plus important pour l\u2019avenir que de cesser d\u2019opposer de fa\u00e7on st\u00e9rile et tragique les deux termes de cette alternative. Il y a un pi\u00e8ge dans lequel il ne faut pas tomber, et qui serait de confondre la remise en marche de l\u2019appareil productif et commer\u00e7ant, aussi rapidement que le permet la situation sanitaire, et un retour \u00e0 la normale. En effet, la situation d\u2019avant n\u2019\u00e9tait pas \u00ab normale \u00bb. D\u2019ailleurs, une sorte de dazibao moderne r\u00e9clame : \u00ab pas de retour \u00e0 l\u2019anormal \u00bb.<\/p>\n<p>Ce degr\u00e9 effarant de d\u00e9pendance \u00e9conomique et technologique, et donc de vuln\u00e9rabilit\u00e9, l\u2019insouciance, et donc l\u2019irresponsabilit\u00e9 \u00e9cologique, cette croyance absurde qu\u2019il n\u2019y avait aucune limite \u00e0 la poursuite de cette mondialisation d\u00e9brid\u00e9e, cette fin de l\u2019histoire jubilatoire, point d\u2019arriv\u00e9e d\u2019une t\u00e9l\u00e9ologie devenue folle : \u00e9tait-ce \u00abnormal\u00bb ?<\/p>\n<p>L\u2019explosion vertigineuse des diff\u00e9rences de revenus dans un monde o\u00f9, certes, personne ne s\u2019est appauvri depuis quarante ans, mais o\u00f9 le niveau et les conditions de vie des classes moyennes et populaires des pays occidentaux ont stagn\u00e9, tandis qu\u2019un minuscule pourcentage des b\u00e9n\u00e9ficiaires de la mondialisation voyait ses propres richesses flamber sans limites, \u00e9tait-ce \u00abnormal\u00bb ? (\u2026)<\/p>\n<p class=\"c6\"><strong>****<\/strong><\/p>\n<p><span class=\"c5\"><span class=\"c4\"><strong>Quel monde apr\u00e8s ?<\/strong><\/span><\/span><\/p>\n<p>(\u2026) Les \u00c9tats-Unis restent la puissance no 1. La Chine impressionne, mais ne s\u00e9duit pas. Ils sont en pleine escalade de guerre froide, et auront \u00e0 red\u00e9couvrir l\u2019\u00e9tape interm\u00e9diaire de la coexistence pacifique avant d\u2019\u00eatre capables de coop\u00e9rer dans l\u2019int\u00e9r\u00eat de tous. L\u2019int\u00e9r\u00eat de l\u2019Europe, qui, elle, n\u2019impressionne aucune puissance dans le monde, serait d\u2019acc\u00e9l\u00e9rer ce processus, et d\u2019abord, en attendant, de ne pas \u00eatre \u00e9cartel\u00e9e. Pour cela, il faudrait que les Europ\u00e9ens cessent de se demander s\u2019ils veulent vraiment devenir une puissance ou pas. Pour le moment, ils ont r\u00e9pondu non, et ils sont d\u00e9pendants. La France continuera avec vaillance et ing\u00e9niosit\u00e9 \u00e0 mettre en avant des propositions intelligentes et raisonnables, appelant \u00e0 plus de coop\u00e9rations.<\/p>\n<p>(\u2026) Globalement, que faire face aux \u00c9tats-Unis ? Et face \u00e0 la Chine, qui pense que son heure est venue ? Face \u00e0 la Russie, envers laquelle les Occidentaux ont men\u00e9 une politique \u00e0 courte vue et a-strat\u00e9gique depuis trente ans ? Celle-ci croit l\u2019Occident plus affaibli qu\u2019il ne l\u2019est tout en \u00e9tant secr\u00e8tement angoiss\u00e9e par la Chine. Sa seule politique sera-t-elle de continuer \u00e0 d\u00e9montrer par ses harc\u00e8lements et nuisances qu\u2019elle est rest\u00e9e dans le jeu ? Il faut lui proposer autre chose. Je ne peux que redire ma conviction : l\u2019Europe doit sortir de l\u2019impuissance et de la d\u00e9pendance face aux puissances ; il faut qu\u2019elle accepte de se m\u00e9tamorphoser en une puissance. Ce n\u2019est pas une question de trait\u00e9 ni de proc\u00e9dure, ni d\u2019int\u00e9gration, mais de mental et de courage.<\/p>\n<p>Quant \u00e0 l\u2019Afrique, il faut cesser de l\u2019aborder sur une base purement compassionnelle ou s\u00e9curitaire. Au d\u00e9but de la pand\u00e9mie, il fallait penser \u00e0 l\u2019Afrique comme \u00e0 tous ceux qui \u00e9taient pauvres et vuln\u00e9rables. R\u00e9flexe archa\u00efque. L\u2019Afrique s\u2019est montr\u00e9e r\u00e9siliente, elle a beaucoup appris du VIH et d\u2019\u00c9bola entre autres. C\u2019est un immense continent, tr\u00e8s vari\u00e9. Certains de ces cinquante-trois pays ont encore besoin d\u2019aide, au sens premier du terme, d\u2019effacement de leur dette, ou de moratoire, mais l\u2019immense majorit\u00e9 aspire \u00e0 une relation de partenariat, apr\u00e8s s\u2019\u00eatre d\u00e9velopp\u00e9e vite et apr\u00e8s avoir, depuis une quinzaine d\u2019ann\u00e9es, plut\u00f4t bien tir\u00e9 son \u00e9pingle du jeu. \u00abC\u2019est \u00e0 nous de changer, en partant de leurs demandes plut\u00f4t que de nos sch\u00e9mas, aussi bien pour investir en commun dans le cadre de la r\u00e9industrialisation. Et en les convainquant de cog\u00e9rer les flux migratoires vers l\u2019Afrique (hors demandes d\u2019asile) entre pays de d\u00e9part, de transit et un espace Schengen refond\u00e9.\u00bb<\/p>\n<p class=\"c6\"><strong>****<br \/><\/strong><\/p>\n<p><span class=\"c5\"><span class=\"c4\"><strong>Des rendez-vous \u00e0 ne pas manquer<br \/><\/strong><\/span><\/span><\/p>\n<p>Pendant un certain temps, quelques mois, un an et demi maximum, les esprits, \u00e9branl\u00e9s par ce qu\u2019ils auront subi, seront disponibles, les d\u00e9cideurs comme les peuples. Des positions tr\u00e8s arr\u00eat\u00e9es seront abandonn\u00e9es, des alliances nouvelles appara\u00eetront. Des d\u00e9cisions collectives courageuses devront \u00eatre prises \u00e0 l\u2019occasion des \u00e9ch\u00e9ances internationales, qui \u00e9taient devenues routini\u00e8res, et qui, dans le grand d\u00e9sarroi du monde, devront assumer des ruptures. (\u2026)<\/p>\n<p>Quand on en viendra \u00e0 la mise en \u0153uvre, les opportunit\u00e9s ne manqueront pas : \u00e9videmment les nombreuses \u00e9lections \u00e0 venir, aux \u00c9tats-Unis, en Allemagne, en France et dans d\u2019autres pays. Au niveau international, ce sera une v\u00e9ritable course de haies: l\u2019Assembl\u00e9e g\u00e9n\u00e9rale des Nations unies, les assembl\u00e9es annuelles du FMI et de la Banque mondiale, de l\u2019OMS, les r\u00e9unions du G7 et du G20, celles des Conseils europ\u00e9ens exceptionnels, et, plus importantes que jamais, les r\u00e9unions des COP : sur le climat, sur la biodiversit\u00e9 (en 2021, en Chine, il faudra en faire une \u00e9ch\u00e9ance d\u00e9cisive), mais aussi la r\u00e9union de la Convention sur le commerce international des esp\u00e8ces de faune et de flore sauvage menac\u00e9es d\u2019extinction (CITES, cr\u00e9\u00e9e en 1975 et trop n\u00e9glig\u00e9e jusqu\u2019ici) et bien d\u2019autres encore. Voil\u00e0 le programme. Certes, il est difficile en juin 2020 d\u2019imaginer un monde \u00e0 la fois plus technologique et plus humain, un monde comp\u00e9titif, mais plus coop\u00e9ratif, un monde plus interd\u00e9pendant, mais plus solidaire, une \u00e9conomie \u00e9cologis\u00e9e et plus \u00e9quitable.<\/p>\n<p>Il le faut pourtant.<\/p>\n<p>Nous disposons d\u2019une ou deux ann\u00e9es pour ne pas rater ces rendez-vous.\u00bb<\/p>\n<p class=\"MsoNormal c6\"><strong><a href=\"https:\/\/www.leaders.com.tn\/le_mensuel_abonnez_vous\" target=\"_blank\" rel=\"noopener noreferrer\"><img loading=\"lazy\" decoding=\"async\" src=\"\/uploads\/FCK_files\/Bondou(11).jpg\" alt=\"\" width=\"500\" vspace=\"5\" hspace=\"5\" height=\"128\" align=\"middle\"\/><\/a><\/strong><\/p>\n<p>\u00a0<\/p>\n<p>Auteur:<br \/>\n<a href=\"https:\/\/www.leaders.com.tn\/article\/30560-hubert-vedrine-et-apres\">Cliquez ici pour lire l&rsquo;article depuis sa source.<\/a><\/p>\n","protected":false},"excerpt":{"rendered":"<p>R\u00e9v\u00e9lations, confirmations, batailles de l\u2019apr\u00e8s, changer la vie\u2026 Hubert V\u00e9drine apporte une r\u00e9ponse pertinente \u00e0 tant d\u2019interrogations que nous impose la pand\u00e9mie de Covid-19. Dans un livre intitul\u00e9 Et apr\u00e8s ?, publi\u00e9 chez Fayard, l\u2019ancien secr\u00e9taire g\u00e9n\u00e9ral de l\u2019\u00c9lys\u00e9e puis ministre des Affaires \u00e9trang\u00e8res sous Fran\u00e7ois Mitterrand ne manque pas de pertinence. Avec son \u00e9criture [&hellip;]<\/p>\n","protected":false},"author":1772,"featured_media":98648,"comment_status":"closed","ping_status":"closed","sticky":false,"template":"","format":"standard","meta":{"fifu_image_url":"","fifu_image_alt":"","footnotes":""},"categories":[73,55],"tags":[],"class_list":["post-98647","post","type-post","status-publish","format-standard","has-post-thumbnail","hentry","category-actualite","category-tunisie"],"_links":{"self":[{"href":"https:\/\/linitiative.ca\/International\/wp-json\/wp\/v2\/posts\/98647","targetHints":{"allow":["GET"]}}],"collection":[{"href":"https:\/\/linitiative.ca\/International\/wp-json\/wp\/v2\/posts"}],"about":[{"href":"https:\/\/linitiative.ca\/International\/wp-json\/wp\/v2\/types\/post"}],"author":[{"embeddable":true,"href":"https:\/\/linitiative.ca\/International\/wp-json\/wp\/v2\/users\/1772"}],"replies":[{"embeddable":true,"href":"https:\/\/linitiative.ca\/International\/wp-json\/wp\/v2\/comments?post=98647"}],"version-history":[{"count":0,"href":"https:\/\/linitiative.ca\/International\/wp-json\/wp\/v2\/posts\/98647\/revisions"}],"wp:featuredmedia":[{"embeddable":true,"href":"https:\/\/linitiative.ca\/International\/wp-json\/"}],"wp:attachment":[{"href":"https:\/\/linitiative.ca\/International\/wp-json\/wp\/v2\/media?parent=98647"}],"wp:term":[{"taxonomy":"category","embeddable":true,"href":"https:\/\/linitiative.ca\/International\/wp-json\/wp\/v2\/categories?post=98647"},{"taxonomy":"post_tag","embeddable":true,"href":"https:\/\/linitiative.ca\/International\/wp-json\/wp\/v2\/tags?post=98647"}],"curies":[{"name":"wp","href":"https:\/\/api.w.org\/{rel}","templated":true}]}}