{"id":98649,"date":"2020-09-12T05:45:00","date_gmt":"2020-09-12T09:45:00","guid":{"rendered":"https:\/\/linitiative.ca\/International\/et-si-nous-parlions-de-la-jeunesse-reflexions-autour-du-spectacle-cree-par-mobdiun-%d9%85%d8%a8%d8%af%d8%b9%d9%88%d9%86-avec-les-jeunes-du-kram-ouest\/"},"modified":"2020-09-12T05:45:00","modified_gmt":"2020-09-12T09:45:00","slug":"et-si-nous-parlions-de-la-jeunesse-reflexions-autour-du-spectacle-cree-par-mobdiun-%d9%85%d8%a8%d8%af%d8%b9%d9%88%d9%86-avec-les-jeunes-du-kram-ouest","status":"publish","type":"post","link":"https:\/\/linitiative.ca\/International\/et-si-nous-parlions-de-la-jeunesse-reflexions-autour-du-spectacle-cree-par-mobdiun-%d9%85%d8%a8%d8%af%d8%b9%d9%88%d9%86-avec-les-jeunes-du-kram-ouest\/","title":{"rendered":"Et si nous parlions de la jeunesse? R\u00e9flexions autour du spectacle cr\u00e9\u00e9 par Mobdiun-\u0645\u0628\u062f\u0639\u0648\u0646 avec les jeunes du Kram Ouest"},"content":{"rendered":"<p><span class=\"c2\"><em><strong><img decoding=\"async\" src=\"\/uploads\/FCK_files\/Amira-Arfaoui.jpg\" width=\"20%\" vspace=\"5\" hspace=\"5\" align=\"left\" alt=\"\"\/>Par Amina Arfaoui &#8211;<\/strong><\/em><\/span> En ces circonstances exceptionnelles marqu\u00e9es par la pand\u00e9mie du coronavirus, les spectacles artistiques programm\u00e9s ont \u00e9t\u00e9 annul\u00e9s. N\u00e9anmoins le travail a parfois continu\u00e9 pendant le confinement gr\u00e2ce aux visioconf\u00e9rences. Cela a \u00e9t\u00e9 le cas du spectacle pr\u00e9sent\u00e9 le 9 ao\u00fbt 2020 par l&rsquo;association <a href=\"https:\/\/www.facebook.com\/Mobdiun\" target=\"_blank\" rel=\"noopener noreferrer\">Mobdiun &#8211; Creative Youth &#8211; \u0645\u0628\u062f\u0639\u0648\u0646<\/a> avec les jeunes du Kram Ouest.\u00a0<\/p>\n<p>Mobdiun<span class=\"c2\"><sup><strong>(1)<\/strong><\/sup><\/span> est une ONG fond\u00e9e en 2016 par Omezzine Kh\u00e9lifa, \u00ab\u00a0qui vise \u00e0 encourager les jeunes Tunisiens, en particulier ceux vivant dans les quartiers populaires, \u00e0 devenir des leaders de la d\u00e9mocratie naissante en Tunisie et \u00e0 participer de mani\u00e8re pacifique et cr\u00e9ative \u00e0 son instauration&#8230;\u00a0\u00bb\u00a0 \u00a0\u00a0\u00a0 \u00a0<\/p>\n<p>Mais qu&rsquo;en est-il au juste des jeunes actuellement? \u00a0\u00a0\u00a0<\/p>\n<p>Les jeunes, c&rsquo;est connu, sont mal dans leur peau, pour plusieurs raisons, impossible \u00e0 citer toutes dans le pr\u00e9sent article. Ceux des quartiers peu nantis s&rsquo;ennuient, ils s&rsquo;ennuient dans les lyc\u00e9es, o\u00f9 souvent rien ne leur pla\u00eet dans l&rsquo;enseignement, un enseignement appliquant des m\u00e9thodes et des programmes qu&rsquo;ils jugent peu attractifs, \u00e9loign\u00e9s de leurs pr\u00e9occupations, sans ordinateurs qui leur permettraient en deux ou trois clics de chercher d&rsquo;une mani\u00e8re ludique les renseignements dont ils ont besoin ; un enseignement dans lequel le syst\u00e8me en place valorise les \u00e9l\u00e8ves qui apprennent par c\u0153ur, m\u00e9thode d\u00e9pass\u00e9e en occident, mais qui existe encore en Tunisie, m\u00eame \u00e0 l&rsquo;universit\u00e9\u2026<\/p>\n<p>En l&rsquo;absence de rites de passage de cette \u00e9tape d\u00e9licate et importante de la vie qu&rsquo;est l&rsquo;adolescence<span class=\"c2\"><sup><strong>(2)<\/strong><\/sup><\/span> vers le monde adulte, confront\u00e9s \u00e0 une grande violence dans l&rsquo;endroit o\u00f9 ils passent la plupart de leur temps, la rue, les jeunes se d\u00e9brouillent comme ils peuvent dans un monde qui n&rsquo;est pas fait pour eux, inventent pour s&rsquo;affirmer des codes, un langage, une tenue vestimentaire, s&rsquo;adonnent pour s&rsquo;affirmer aussi \u00e0 la cigarette et \u00e0 d&rsquo;autres produits n\u00e9fastes pour leur sant\u00e9 et leur \u00e9quilibre physique et mental.<\/p>\n<p>Alors qu&rsquo;on r\u00e9p\u00e8te \u00e0 sati\u00e9t\u00e9 que l&rsquo;avenir, c&rsquo;est les jeunes, les principaux int\u00e9ress\u00e9s se sentent d\u00e9laiss\u00e9s et \u00e0 peine tol\u00e9r\u00e9s, m\u00eame par leurs propres parents, avec qui ils ne communiquent presque pas. Vu les cloisonnements existant entre les g\u00e9n\u00e9rations, les classes sociales, les villes (le Kram Ouest et Carthage !) , vu la crise \u00e9conomique, cela n&rsquo;est pas \u00e9tonnant. Car que fait-on concr\u00e8tement pour eux<span class=\"c2\"><sup><strong>(3)<\/strong><\/sup><\/span>?<\/p>\n<p>Mobdiun-\u0645\u0628\u062f\u0639\u0648\u0646 tente de combler le vide d\u00e9solant les concernant pour les inclure dans la vie sociale en leur proposant diff\u00e9rentes activit\u00e9s de formation ainsi que des ateliers d&rsquo;\u00e9criture, de danse, de musique, de th\u00e9\u00e2tre. Des jeunes du Kram Ouest ont compris le projet de l&rsquo;association et y participent. Ils ont ainsi d\u00e9j\u00e0 pr\u00e9sent\u00e9 deux spectacles dirig\u00e9s par le metteur en sc\u00e8ne Hamdi Majdoub au Madart-Carthage, en 2018 la pi\u00e8ce de th\u00e9\u00e2tre En train de 1\u2026 , et en 2019, En train de\u2026 2.<\/p>\n<p>Les voici de nouveau sur sc\u00e8ne au Cin\u00e9vog o\u00f9 ils ont pr\u00e9sent\u00e9 le 9 ao\u00fbt 2020 un spectacle intitul\u00e9 \u00ab\u00a0Mobdiun Together\u00a0\u00bb.<\/p>\n<p>Saluons avant tout l&rsquo;excellente organisation de cet \u00e9v\u00e9nement, qui s&rsquo;est d\u00e9roul\u00e9 sans cohue et au cours duquel les consignes d&rsquo;hygi\u00e8ne ainsi que la distanciation sociale ont \u00e9t\u00e9 rigoureusement respect\u00e9es.<\/p>\n<p>Puis le public a trouv\u00e9 dans le hall une maquette montrant le Kram Ouest tel que le r\u00eavent pour le futur les tr\u00e8s jeunes cr\u00e9atrices et cr\u00e9ateurs qui l&rsquo;ont r\u00e9alis\u00e9e. Rien n&rsquo;a \u00e9t\u00e9 oubli\u00e9 ou presque dans ce projet: on y voit un lyc\u00e9e, des logements, un terrain de sport, un rond-point, un h\u00f4pital, une mosqu\u00e9e, une pharmacie, des espaces verts et des arbres. Leur Kram Ouest du futur est a\u00e9r\u00e9, moderne, propre, il contraste avec les ruelles \u00e9troites et les habitations peu avenantes du Kram Ouest actuel.<\/p>\n<p>Venons-en au spectacle lui-m\u00eame maintenant. Est d&rsquo;abord mont\u00e9 sur sc\u00e8ne le groupe ayant r\u00e9alis\u00e9 la maquette. Il a\u00a0 \u00e9t\u00e9 suivi par les membres de l&rsquo;atelier d&rsquo;\u00e9criture, qui ont lu des longs textes \u00e9crits par eux-m\u00eames dans lesquels ils ont vid\u00e9 leur c\u0153ur.<\/p>\n<p>Puis a pris place dans \u00ab\u00a0Mosa\u00efque africaine\u00a0\u00bb un orchestre utilisant des instruments \u00e0 percussion pour interpr\u00e9ter des chansons du patrimoine et de l&rsquo;Afrique subsaharienne, donnant par l\u00e0 l&rsquo;exemple d&rsquo;une jeunesse appelant \u00e0 la tol\u00e9rance et \u00e0 la fraternit\u00e9.<\/p>\n<p class=\"c3\"><img decoding=\"async\" src=\"\/uploads\/FCK_files\/Sans-titre-1(44).jpg\" width=\"100%\" vspace=\"5\" hspace=\"5\" align=\"middle\" alt=\"\"\/><\/p>\n<p>Mais au Kram, il y a la mer, qui, pour les jeunes du Kram Ouest, n&rsquo;est pas la mer de la baignade, mais celle de la \u00ab\u00a0Harga\u00a0\u00bb; elle leur permet de rejoindre l&rsquo;\u00eele de Lampedusa, \u00e9blouissant miroir aux alouettes qui attire toutes les personnes r\u00eavant de partir clandestinement. Les jeunes du Kram ne sont pas exempts de ce r\u00eave. Apr\u00e8s la grosse arnaque qu&rsquo;ont \u00e9t\u00e9 le \u00ab\u00a0Jihad\u00a0\u00bb et le \u00ab\u00a0Jihad El Nikah\u00a0\u00bb, c&rsquo;est la \u00ab\u00a0Harga\u00a0\u00bb qui hante leurs esprits. Certains parmi eux veulent accomplir ce voyage co\u00fbte que co\u00fbte, malgr\u00e9 les conditions dramatiques de la travers\u00e9e. Cet engouement pour la \u00ab\u00a0Harga\u00a0\u00bb pour fuir le pays qui n&rsquo;a rien \u00e0 leur offrir est bien s\u00fbr l&rsquo;expression de leur mal de vivre. Mais la \u00ab\u00a0Harga\u00a0\u00bb est \u00e0 mon avis \u00e9galement un rite de passage que les jeunes tiennent \u00e0 accomplir pour en finir avec cette adolescence qui leur pourrit la vie &#8211; comme les scarifications, les tatouages&#8230;<\/p>\n<p>Il a \u00e9t\u00e9 question aussi bien de la mer que de la \u00ab\u00a0Harga\u00a0\u00bb au cours de notre spectacle. Dans un beau num\u00e9ro m\u00ealant danse th\u00e9\u00e2trale et projection, la M\u00e9diterran\u00e9e a \u00e9t\u00e9 montr\u00e9e, attirante par sa couleur sombre et impressionnante par ses ondulations. On en voit sortir lentement des t\u00eates, puis, d\u00e9goulinants d&rsquo;eau, des gar\u00e7ons et des filles habill\u00e9s d&rsquo;imperm\u00e9ables et de vestes, v\u00eatements qui sont d&rsquo;ailleurs un \u00e9l\u00e9ment de la danse (bravo!). Contrairement aux \u00ab\u00a0Harragas\u00a0\u00bb, ces jeunes ne quittent pas la Tunisie, ils sortent de la mer enfl\u00e9e par la houle et grosse d&rsquo;eux en dansant pour mettre le pied au Kram. On distingue en effet au fond le Boukornine, toujours pr\u00e9sent.<\/p>\n<p class=\"c3\"><img decoding=\"async\" src=\"\/uploads\/FCK_files\/Sans-titre-2(57).jpg\" width=\"100%\" vspace=\"5\" hspace=\"5\" align=\"middle\" alt=\"\"\/><\/p>\n<p>La repr\u00e9sentation s&rsquo;est termin\u00e9e par un solo de hip hop inopin\u00e9 d&rsquo;un brillant danseur &#8211; inopin\u00e9 car non pr\u00e9vu au programme. C&rsquo;est dommage que cet excellent num\u00e9ro final ait \u00e9t\u00e9 vu par si peu de monde, car en raison de l&rsquo;heure tardive et de la richesse du programme, qui a dur\u00e9 quand m\u00eame 2h27 mn, presque tous les spectateurs \u00e9taient d\u00e9j\u00e0 partis!<\/p>\n<p>Le spectacle a \u00e9t\u00e9 un succ\u00e8s parce qu&rsquo;il \u00e9tait d&rsquo;un tr\u00e8s bon niveau. Les capacit\u00e9s et les dons artistiques de ces jeunes ont \u00e9t\u00e9 r\u00e9v\u00e9l\u00e9s et mis en valeur par leurs formatrices et encadreurs, eux-m\u00eames des artistes qui ont su gagner leur confiance, comme cela a \u00e9t\u00e9 montr\u00e9 au cours d&rsquo;une des sc\u00e8nes.<\/p>\n<p>En faisant participer les jeunes du Kram Ouest \u00e0 ces activit\u00e9s, Mobdiun-\u0645\u0628\u062f\u0639\u0648\u0646 a atteint son but, celui de les distraire de leur quotidien si peu valorisant et d&rsquo;\u00e9largir leur horizon en leur inculquant l&rsquo;esprit d&rsquo;\u00e9quipe, l&rsquo;amour de l&rsquo;art, en semant de cette mani\u00e8re en eux des graines positives pour leur avenir et pour la construction de leur personnalit\u00e9. Ainsi que l&rsquo;a dit une des coordinatrices, il faudrait qu&rsquo;il y ait des \u00e9v\u00e9nements de ce genre pour la jeunesse dans toute la Tunisie.<\/p>\n<p class=\"c5\"><strong>Amina Arfaoui<\/strong><br \/><span class=\"c4\"><em>Universitaire germaniste et \u00e9crivaine<\/em><\/span><\/p>\n<p class=\"c6\"><span class=\"c4\"><em><span class=\"c4\"><em>1)<\/em><\/span> <a href=\"https:\/\/mobdiun.org\/about-us\/\" target=\"_blank\" rel=\"noopener noreferrer\">https:\/\/mobdiun.org\/about-us\/<\/a>.<\/em><\/span><\/p>\n<p class=\"c6\"><span class=\"c4\"><em><span class=\"c4\"><em>2)<\/em><\/span> <a href=\"http:\/\/www.cnlct.tn\/wp-content\/uploads\/2019\/01\/Etre-adolescente-au-Kram-Ouest-MOBDIUN-Fran%C3%A7ais.pdf\" target=\"_blank\" rel=\"noopener noreferrer\">Cf. Etre adolescent(e)au Kram Ouest 7 ans apr\u00e8s la R\u00e9volution du 14 janvier 2011 en Tunisie http:\/\/www.cnlct.tn\/wp-content\/uploads\/2019\/01\/Etre-adolescente-au-Kram-Ouest-MOBDIUN Fran%C3%A7ais.pdf<\/a><\/em><\/span><\/p>\n<p class=\"c6\"><span class=\"c4\"><em><span class=\"c4\"><em>3)<\/em><\/span> Cf.\u00a0 Kamel Akrout in Leaders\u00a0 du 10.08.2020<\/em><\/span><\/p>\n<p class=\"c6\"><span class=\"c4\"><em><span class=\"c4\"><em>4)<\/em><\/span> Cf. Amina Arfaoui in\u00a0 Leaders\u00a0 du 17 janvier 2019<br \/><\/em><\/span><\/p>\n<p>Auteur:<br \/>\n<a href=\"https:\/\/www.leaders.com.tn\/article\/30561-et-si-nous-parlions-de-la-jeunesse-reflexions-autour-du-spectacle-cree-par-mobdiun-%d9%85%d8%a8%d8%af%d8%b9%d9%88%d9%86-avec-les-jeunes-du-kram-ouest\">Cliquez ici pour lire l&rsquo;article depuis sa source.<\/a><\/p>\n","protected":false},"excerpt":{"rendered":"<p>Par Amina Arfaoui &#8211; En ces circonstances exceptionnelles marqu\u00e9es par la pand\u00e9mie du coronavirus, les spectacles artistiques programm\u00e9s ont \u00e9t\u00e9 annul\u00e9s. N\u00e9anmoins le travail a parfois continu\u00e9 pendant le confinement gr\u00e2ce aux visioconf\u00e9rences. Cela a \u00e9t\u00e9 le cas du spectacle pr\u00e9sent\u00e9 le 9 ao\u00fbt 2020 par l&rsquo;association Mobdiun &#8211; Creative Youth &#8211; \u0645\u0628\u062f\u0639\u0648\u0646 avec les [&hellip;]<\/p>\n","protected":false},"author":1772,"featured_media":98650,"comment_status":"closed","ping_status":"closed","sticky":false,"template":"","format":"standard","meta":{"fifu_image_url":"","fifu_image_alt":"","footnotes":""},"categories":[73,55],"tags":[],"class_list":["post-98649","post","type-post","status-publish","format-standard","has-post-thumbnail","hentry","category-actualite","category-tunisie"],"_links":{"self":[{"href":"https:\/\/linitiative.ca\/International\/wp-json\/wp\/v2\/posts\/98649","targetHints":{"allow":["GET"]}}],"collection":[{"href":"https:\/\/linitiative.ca\/International\/wp-json\/wp\/v2\/posts"}],"about":[{"href":"https:\/\/linitiative.ca\/International\/wp-json\/wp\/v2\/types\/post"}],"author":[{"embeddable":true,"href":"https:\/\/linitiative.ca\/International\/wp-json\/wp\/v2\/users\/1772"}],"replies":[{"embeddable":true,"href":"https:\/\/linitiative.ca\/International\/wp-json\/wp\/v2\/comments?post=98649"}],"version-history":[{"count":0,"href":"https:\/\/linitiative.ca\/International\/wp-json\/wp\/v2\/posts\/98649\/revisions"}],"wp:featuredmedia":[{"embeddable":true,"href":"https:\/\/linitiative.ca\/International\/wp-json\/"}],"wp:attachment":[{"href":"https:\/\/linitiative.ca\/International\/wp-json\/wp\/v2\/media?parent=98649"}],"wp:term":[{"taxonomy":"category","embeddable":true,"href":"https:\/\/linitiative.ca\/International\/wp-json\/wp\/v2\/categories?post=98649"},{"taxonomy":"post_tag","embeddable":true,"href":"https:\/\/linitiative.ca\/International\/wp-json\/wp\/v2\/tags?post=98649"}],"curies":[{"name":"wp","href":"https:\/\/api.w.org\/{rel}","templated":true}]}}