{"id":98651,"date":"2020-09-12T12:37:00","date_gmt":"2020-09-12T16:37:00","guid":{"rendered":"https:\/\/linitiative.ca\/International\/officiel-tunisie-le-mouvement-diplomatique-et-consulaire-complet\/"},"modified":"2020-09-12T12:37:00","modified_gmt":"2020-09-12T16:37:00","slug":"officiel-tunisie-le-mouvement-diplomatique-et-consulaire-complet","status":"publish","type":"post","link":"https:\/\/linitiative.ca\/International\/officiel-tunisie-le-mouvement-diplomatique-et-consulaire-complet\/","title":{"rendered":"Officiel \u2013 Tunisie : Le mouvement diplomatique et consulaire complet"},"content":{"rendered":"<p>Le minist\u00e8re des Affaires \u00e9trang\u00e8res a annonc\u00e9 les nouvelles nominations suivantes de chefs de postes diplomatiques et consulaires:<\/p>\n<h2><span class=\"c4\"><span class=\"c3\"><strong><span class=\"c2\">Ambassades et missions permanentes<\/span><\/strong><\/span><\/span><\/h2>\n<p>Le Caire <strong><span class=\"c3\">: Mohamed Ben Youssef<\/span><\/strong> (ambassadeur, directeur g\u00e9n\u00e9ral pour le monde arabe)<br \/>Bruxelles : <span class=\"c3\"><strong>Nabil Ammar<\/strong><\/span> (directeur g\u00e9n\u00e9ral pour l&rsquo;Europe, ancien ambassadeur \u00e0 Londres)<br \/>Bagdad : <span class=\"c3\"><strong>Ridha Zguidane<\/strong><\/span><br \/>Kowe\u00eft : <span class=\"c3\"><strong>Hachemi Laajili<\/strong><\/span><br \/>Beyrouth : <span class=\"c3\"><strong>Bouraoui Limam<\/strong><\/span> (directeur de l&rsquo;information)<br \/>Paris : <span class=\"c3\"><strong><a href=\"https:\/\/www.leaders.com.tn\/article\/30563-karim-jamoussi-le-magistrat-et-ancien-ministre-nomme-ambassadeur-de-tunisie-a-paris\" target=\"_blank\" rel=\"noopener noreferrer\">Mohamed Karim Jamoussi<\/a><\/strong><\/span> (ancien ministre des Domaines de l&rsquo;Etat, de la Justice et de la D\u00e9fense par int\u00e9rim)<br \/>Nouakchott : <span class=\"c3\"><strong>Sabri Chaabani<\/strong><\/span><br \/>Mascate : <span class=\"c3\"><strong>Azzedine Tiss<\/strong><\/span><br \/>Berlin : <span class=\"c3\"><strong>Hanan Tajouri<\/strong><\/span><br \/>Malte : <span class=\"c3\"><strong>Yassine El Oued<\/strong><\/span> (ancien ambassadeur \u00e0 Abidjan)<br \/>Alger : <span class=\"c3\"><strong>Romdhane El Fayedh<\/strong><\/span><br \/>New Delhi : <span class=\"c3\"><strong>Hayat Talbi<\/strong><\/span><br \/>Abu Dhabi : <span class=\"c3\"><strong>Moez Ben Mim<\/strong><\/span><br \/>Berne : <strong><span class=\"c3\">Tarek Bettaieb<\/span><\/strong> (ambassadeur \u00e0 T\u00e9h\u00e9ran)<br \/>Riyadh : <span class=\"c3\"><strong>Hichem Fourati<\/strong><\/span> (ancien ministre de l&rsquo;Int\u00e9rieur)<br \/>Budapast <span class=\"c3\"><strong>: Abdelkerim Al-Harmi<\/strong><\/span> (conseiller diplomatique aupr\u00e8s du pr\u00e9sident de la R\u00e9publique)<br \/>Madrid : <span class=\"c3\"><strong>Fatma Omrani<\/strong><\/span> (ancienne ambassadrice \u00e0 Stokholm)<br \/>Oslo : <span class=\"c3\"><strong>Amel Ben Younes<\/strong><\/span><br \/>Stockholm : <strong><span class=\"c3\">Riad Ben Slimane<\/span><\/strong> (diplomate \u00e0 New York)<br \/>Washington : <span class=\"c3\"><strong>Najmeddine Lakhal<\/strong><\/span> (ambassadeur \u00e0 New Delhi)<\/p>\n<p>Yaound\u00e9 : <span class=\"c3\"><strong>Karim Ben Becher<\/strong><\/span> (directeur g\u00e9n\u00e9ral pour l&rsquo;Afrique, ancien ambassadeur \u00e0 La Haye)<br \/>Addis-Abeba : <span class=\"c3\"><strong>Abdelhamid Gharbi<\/strong><\/span><br \/>D\u00e9l\u00e9gation permanente aupr\u00e8s de l\u2019ONU \u00e0 <span class=\"c2\">New York<\/span> : <span class=\"c3\"><strong>Tarek Ladab<\/strong><\/span> (ambassadeur repr\u00e9sentant permanent adjoint \u00e0 New York)<br \/>T\u00e9h\u00e9ran : <span class=\"c3\"><strong>Samir Manser<\/strong><\/span><br \/>La Haye : <span class=\"c3\"><strong>Kamel Guizani<\/strong><\/span> (directeur g\u00e9n\u00e9ral de la Suret\u00e9 nationale)<br \/>Tripoli : <strong><span class=\"c3\">Lassaad Lajili<\/span><\/strong><br \/>Khartoum : <span class=\"c3\"><strong>Chafik Hajji<\/strong><\/span> (ambassadeur \u00e0 Alger)<\/p>\n<h2><span class=\"c4\"><span class=\"c3\"><strong><span class=\"c2\">Consulats g\u00e9n\u00e9raux<\/span><\/strong><\/span><\/span><\/h2>\n<p>Milan : <strong><span class=\"c3\">Adel Ben Abdellah<\/span><\/strong><br \/>Duba\u00ef : <span class=\"c3\"><strong>Chahir Djebbi<\/strong><\/span><br \/>Strasbourg : <span class=\"c3\"><strong>Raouf Mradaa<\/strong><\/span> (ancien directeur g\u00e9n\u00e9ral de la S\u00e9curit\u00e9 pr\u00e9sidentielle et de la protection des personnalit\u00e9s officielles)<br \/>Djeddah : <strong><span class=\"c3\">Habib Ayad<\/span><\/strong><br \/>Paris : <span class=\"c3\"><strong>Mohamed Taher Arbaoui<\/strong><\/span> (directeur g\u00e9n\u00e9ral de la DAF)<\/p>\n<h2><span class=\"c4\"><span class=\"c3\"><strong><span class=\"c2\">Consulats<\/span><\/strong><\/span><\/span><\/h2>\n<p>G\u00eanes : <span class=\"c3\"><strong>Omar-Amine Abdallah<\/strong><\/span> (diplomate, affect\u00e9 au protocole pr\u00e9sidentiel)<br \/>Hambourg : <span class=\"c3\"><strong>Nader Bousrih<\/strong><\/span><br \/>Annaba : <span class=\"c3\"><strong>Salah Chebbi<\/strong><\/span><\/p>\n<p>Auteur:<br \/>\n<a href=\"https:\/\/www.leaders.com.tn\/article\/30562-othman-jerandi\">Cliquez ici pour lire l&rsquo;article depuis sa source.<\/a><\/p>\n","protected":false},"excerpt":{"rendered":"<p>Le minist\u00e8re des Affaires \u00e9trang\u00e8res a annonc\u00e9 les nouvelles nominations suivantes de chefs de postes diplomatiques et consulaires: Ambassades et missions permanentes Le Caire : Mohamed Ben Youssef (ambassadeur, directeur g\u00e9n\u00e9ral pour le monde arabe)Bruxelles : Nabil Ammar (directeur g\u00e9n\u00e9ral pour l&rsquo;Europe, ancien ambassadeur \u00e0 Londres)Bagdad : Ridha ZguidaneKowe\u00eft : Hachemi LaajiliBeyrouth : Bouraoui Limam [&hellip;]<\/p>\n","protected":false},"author":1772,"featured_media":0,"comment_status":"closed","ping_status":"closed","sticky":false,"template":"","format":"standard","meta":{"fifu_image_url":"","fifu_image_alt":"","footnotes":""},"categories":[73,55],"tags":[],"class_list":["post-98651","post","type-post","status-publish","format-standard","hentry","category-actualite","category-tunisie"],"_links":{"self":[{"href":"https:\/\/linitiative.ca\/International\/wp-json\/wp\/v2\/posts\/98651","targetHints":{"allow":["GET"]}}],"collection":[{"href":"https:\/\/linitiative.ca\/International\/wp-json\/wp\/v2\/posts"}],"about":[{"href":"https:\/\/linitiative.ca\/International\/wp-json\/wp\/v2\/types\/post"}],"author":[{"embeddable":true,"href":"https:\/\/linitiative.ca\/International\/wp-json\/wp\/v2\/users\/1772"}],"replies":[{"embeddable":true,"href":"https:\/\/linitiative.ca\/International\/wp-json\/wp\/v2\/comments?post=98651"}],"version-history":[{"count":0,"href":"https:\/\/linitiative.ca\/International\/wp-json\/wp\/v2\/posts\/98651\/revisions"}],"wp:attachment":[{"href":"https:\/\/linitiative.ca\/International\/wp-json\/wp\/v2\/media?parent=98651"}],"wp:term":[{"taxonomy":"category","embeddable":true,"href":"https:\/\/linitiative.ca\/International\/wp-json\/wp\/v2\/categories?post=98651"},{"taxonomy":"post_tag","embeddable":true,"href":"https:\/\/linitiative.ca\/International\/wp-json\/wp\/v2\/tags?post=98651"}],"curies":[{"name":"wp","href":"https:\/\/api.w.org\/{rel}","templated":true}]}}