{"id":98652,"date":"2020-09-12T13:35:00","date_gmt":"2020-09-12T17:35:00","guid":{"rendered":"https:\/\/linitiative.ca\/International\/karim-jamoussi-le-magistrat-et-ancien-ministre-nomme-ambassadeur-de-tunisie-a-paris\/"},"modified":"2020-09-12T13:35:00","modified_gmt":"2020-09-12T17:35:00","slug":"karim-jamoussi-le-magistrat-et-ancien-ministre-nomme-ambassadeur-de-tunisie-a-paris","status":"publish","type":"post","link":"https:\/\/linitiative.ca\/International\/karim-jamoussi-le-magistrat-et-ancien-ministre-nomme-ambassadeur-de-tunisie-a-paris\/","title":{"rendered":"Karim Jamoussi, le magistrat et ancien ministre, nomm\u00e9 ambassadeur de Tunisie \u00e0 Paris"},"content":{"rendered":"<p>C\u2019est la premi\u00e8re fois, depuis l\u2019\u00e9tablissement des relations diplomatiques avec la Francee, 1956, que la Tunisie envoie \u00e0 Paris comme ambassadeur un magistrat. Mohamed Karim Jamoussi (54 ans) qui vient d\u2019y \u00eatre nomm\u00e9, aligne en effet une longue carri\u00e8re au Tribunal administratif (Commissaire d\u2019Etat g\u00e9n\u00e9ral), qui a \u00e9t\u00e9 couronn\u00e9e deux fois par son accession au gouvernement en qualit\u00e9 d\u2019abord de secr\u00e9taire d\u2019Etat, puis de ministre \u00e0 la t\u00eate d\u2019un, puis deux \u00e0 la fois, r\u00e9galiens.<\/p>\n<p>Second fait in\u00e9dit, la nomination de Jamoussi \u00e0 Paris met fin \u00e0 une vacance de notre repr\u00e9sentation diplomatique rest\u00e9e sans ambassadeur depuis neuf mois, apr\u00e8s le rappel \u00e0 Tunis fin novembre 2019, de l&rsquo;ambassadeur Abdelaziz Rassaa.<\/p>\n<h2>Discret<\/h2>\n<p>Juriste de formation, Mohamed Karim Jamoussi avait \u00e9t\u00e9\u00a0 en effet secr\u00e9taire d\u2019Etat des Domaines de l\u2019Etat, sous le gouvernement de Mehdi Jomaa (janvier 2014 &#8211; f\u00e9vrier 2015). Il reviendra au gouvernement en novembre 2018, en qualit\u00e9 de ministre de la Justice. Un an apr\u00e8s, et il sera charg\u00e9 \u00e9galement d\u2019assurer l\u2019int\u00e9rim du ministre de la D\u00e9fense nationale, Abdelkrim Zbidi, alors candidat \u00e0 l\u2019\u00e9lection pr\u00e9sidentielle. Il quittera ses fonctions, fin f\u00e9vrier 2020, avec l\u2019av\u00e8nement du gouvernement \u00e9ph\u00e9m\u00e8re d\u2019Ely\u00e8s Fakhfakh. Au cours des derniers mois de son exercice \u00e0 la t\u00eate de deux importants d\u00e9partements, notamment celui de la D\u00e9fense qui rapporte directement au pr\u00e9sident de la R\u00e9publique, chef supr\u00eame des forces arm\u00e9es, Jamoussi avait fait bonne impression au pr\u00e9sident Kais Sa\u00efed, nouvellement \u00e9lu. Entre les deux juristes, et hommes d\u2019Etat, l\u2019appr\u00e9ciation a \u00e9t\u00e9 r\u00e9ciproque. Sa\u00efed s\u2019en souviendra lorsqu\u2019il d\u00e9cidera d\u2019op\u00e9rer son premier mouvement diplomatique. D\u00e9j\u00e0, il y avait pens\u00e9 depuis des mois, mais son choix final a \u00e9t\u00e9 fix\u00e9 cette fin de semaine.<\/p>\n<p>N\u00e9 \u00e0 Tunis le 28 Janvier 1966, dans une famille d&rsquo;origine sfaxienne, et maitrisard en droit de la facult\u00e9 de droit et des sciences politiques de Tunis, Mohamed Karim Jamoussi avait \u00e9t\u00e9 laur\u00e9at au dipl\u00f4me des \u00e9tudes approfondies en droit public de la facult\u00e9 de droit et de sciences politiques de Tunis.<\/p>\n<p>Sa carri\u00e8re professionnelle s\u2019est d\u00e9roul\u00e9e principalement au sein du Tribunal administratif, gravissant une \u00e0 une ses successives fonctions. Jamoussi avait fait cependant, avant sa nomination en tant que secr\u00e9taire d\u2019Etat, un bref instructif au minist\u00e8re du D\u00e9veloppement et de la Coop\u00e9ration Internationale, en tant que chef de cabinet du ministre. Il a eu ainsi l\u2019occasion de piloter deux grands projets \u00e0 savoir le nouveau code d\u2019investissement et la mise en place de la nouvelle instance nationale de l\u2019investissement.<\/p>\n<p>Fan de football, il ne cache pas son admiration sans limites \u00e0 l&rsquo;Esp\u00e9rance sportive tunisienne&#8230;<\/p>\n<h2>Bio-Express<\/h2>\n<p>N\u00e9 \u00e0 Tunis le 28 Janvier 1966,\u2028<\/p>\n<p>Etat civil: Mari\u00e9 et p\u00e8re d\u2019un gar\u00e7on et d\u2019une fille,\u2028<br \/>Nationalit\u00e9 : Tunisienne,\u2028<br \/>Maitrisard en droit de la facult\u00e9 de droit et des sciences politiques de Tunis,\u2028<br \/>Laur\u00e9at au dipl\u00f4me des \u00e9tudes approfondies en droit public de la facult\u00e9 de droit et de sciences politiques de Tunis,<\/p>\n<h2>Au sein du gouvernement<\/h2>\n<p>Secr\u00e9taire d&rsquo;Etat aux Domaines de l&rsquo;Etat et des Affaires fonci\u00e8res (2014)<\/p>\n<p>Ministre de la Justice (2018 &#8211; 2020)<\/p>\n<p>Ministre de la D\u00e9fense nationale par int\u00e9rim (2019 &#8211; 2020<\/p>\n<h2>En tant que magistrat<\/h2>\n<p>Commissaire d&rsquo;Etat g\u00e9n\u00e9ral au Tribunal Administratif,\u2028<br \/>Pr\u00e9sident de chambre au Tribunal Administratif,\u2028<br \/>Enseignant \u00e0 l\u2019\u00e9cole nationale d\u2019administration,\u2028<br \/>Ancien membre du comit\u00e9 national d\u2019\u00e9thique m\u00e9dicale,<\/p>\n<h2>Comp\u00e9tences<\/h2>\n<p>Droit de l&rsquo;investissement, organisation administrative, finances publiques, comptabilit\u00e9 publique, fiscalit\u00e9, droit et contentieux administratif, coop\u00e9ration internationale, sciences politiques, droit constitutionnel, droit international public.<\/p>\n<h2>Langues<\/h2>\n<p>Arabe, fran\u00e7ais, anglais, italien<\/p>\n<p>Auteur:<br \/>\n<a href=\"https:\/\/www.leaders.com.tn\/article\/30563-karim-jamoussi-le-magistrat-et-ancien-ministre-nomme-ambassadeur-de-tunisie-a-paris\">Cliquez ici pour lire l&rsquo;article depuis sa source.<\/a><\/p>\n","protected":false},"excerpt":{"rendered":"<p>C\u2019est la premi\u00e8re fois, depuis l\u2019\u00e9tablissement des relations diplomatiques avec la Francee, 1956, que la Tunisie envoie \u00e0 Paris comme ambassadeur un magistrat. Mohamed Karim Jamoussi (54 ans) qui vient d\u2019y \u00eatre nomm\u00e9, aligne en effet une longue carri\u00e8re au Tribunal administratif (Commissaire d\u2019Etat g\u00e9n\u00e9ral), qui a \u00e9t\u00e9 couronn\u00e9e deux fois par son accession au [&hellip;]<\/p>\n","protected":false},"author":1772,"featured_media":0,"comment_status":"closed","ping_status":"closed","sticky":false,"template":"","format":"standard","meta":{"fifu_image_url":"","fifu_image_alt":"","footnotes":""},"categories":[73,55],"tags":[],"class_list":["post-98652","post","type-post","status-publish","format-standard","hentry","category-actualite","category-tunisie"],"_links":{"self":[{"href":"https:\/\/linitiative.ca\/International\/wp-json\/wp\/v2\/posts\/98652","targetHints":{"allow":["GET"]}}],"collection":[{"href":"https:\/\/linitiative.ca\/International\/wp-json\/wp\/v2\/posts"}],"about":[{"href":"https:\/\/linitiative.ca\/International\/wp-json\/wp\/v2\/types\/post"}],"author":[{"embeddable":true,"href":"https:\/\/linitiative.ca\/International\/wp-json\/wp\/v2\/users\/1772"}],"replies":[{"embeddable":true,"href":"https:\/\/linitiative.ca\/International\/wp-json\/wp\/v2\/comments?post=98652"}],"version-history":[{"count":0,"href":"https:\/\/linitiative.ca\/International\/wp-json\/wp\/v2\/posts\/98652\/revisions"}],"wp:attachment":[{"href":"https:\/\/linitiative.ca\/International\/wp-json\/wp\/v2\/media?parent=98652"}],"wp:term":[{"taxonomy":"category","embeddable":true,"href":"https:\/\/linitiative.ca\/International\/wp-json\/wp\/v2\/categories?post=98652"},{"taxonomy":"post_tag","embeddable":true,"href":"https:\/\/linitiative.ca\/International\/wp-json\/wp\/v2\/tags?post=98652"}],"curies":[{"name":"wp","href":"https:\/\/api.w.org\/{rel}","templated":true}]}}