{"id":98656,"date":"2020-09-12T05:27:56","date_gmt":"2020-09-12T09:27:56","guid":{"rendered":"https:\/\/linitiative.ca\/International\/superbacteries-un-risque-bien-plus-grand-que-la-covid-19-previent-un-scientifique-australien\/"},"modified":"2020-09-12T05:27:56","modified_gmt":"2020-09-12T09:27:56","slug":"superbacteries-un-risque-bien-plus-grand-que-la-covid-19-previent-un-scientifique-australien","status":"publish","type":"post","link":"https:\/\/linitiative.ca\/International\/superbacteries-un-risque-bien-plus-grand-que-la-covid-19-previent-un-scientifique-australien\/","title":{"rendered":"\u00ab Superbact\u00e9ries \u00bb un risque bien plus grand que la Covid-19, pr\u00e9vient un scientifique australien"},"content":{"rendered":"<p><strong>L\u2019\u00e9mergence de la r\u00e9sistance aux antimicrobiens, y compris les bact\u00e9ries r\u00e9sistantes aux m\u00e9dicaments, ou \u00ab Superbact\u00e9ries \u00bb, pose des risques bien plus importants pour la sant\u00e9 humaine que la Covid-19, a averti le scientifique australien Dr Paul De Barro, directeur de la recherche en bios\u00e9curit\u00e9 \u00e0 l\u2019agence scientifique nationale australienne.<\/strong><\/p>\n<div class=\"c10\"\/>\n<p>Il dit qu\u2019il ne pense pas qu\u2019il exag\u00e8re pour dire que c\u2019est la plus grande menace pour la sant\u00e9 humaine, sans exception et que la Covid-19 est loin de l\u2019impact potentiel de la r\u00e9sistance aux antimicrobiens, \u00abSi vous pensiez que Covid \u00e9tait mauvais, vous ne voulez pas de r\u00e9sistance antimicrobienne\u00bb, a-t-il d\u00e9clar\u00e9.<\/p>\n<p>Le mois dernier, le gouvernement fidjien a annonc\u00e9 que 10 personnes \u00e9taient mortes de la leptospirose, une infection bact\u00e9rienne qui affecte \u00e0 la fois les animaux et les humains, tandis que des milliers d\u2019autres \u00e9taient infect\u00e9es. Le CSIRO australien a commenc\u00e9 une \u00e9tude de trois ans \u00e0 Fidji, aux c\u00f4t\u00e9s du comit\u00e9 national de r\u00e9sistance aux antimicrobiens du gouvernement des Fidji et des universit\u00e9s d\u2019Australie et du Pacifique, pour identifier l\u2019\u00e9mergence de superbact\u00e9ries \u00e0 Fidij, en analysant les donn\u00e9es des laboratoires de pathologie hospitali\u00e8re, des fermes contamin\u00e9es par des produits pharmaceutiques, et dans l\u2019environnement g\u00e9n\u00e9ral, en cherchant \u00e0 identifier les points chauds de la r\u00e9sistance aux antimicrobiens et les tendances \u00e9mergentes.<\/p>\n<p><strong>Lire aussi |<\/strong><a href=\"https:\/\/www.challenge.ma\/coronavirus-300-000-contaminations-et-1000-morts-quotidiens-au-maroc-selon-lihme-156272\/\"><strong>Coronavirus : 300.000 contaminations et 1000 morts quotidiens au Maroc, selon un centre de recherche am\u00e9ricain<\/strong><\/a><\/p>\n<p>Un article paru dans le journal BMJ Global Health a rapport\u00e9 que les bact\u00e9ries r\u00e9sistantes aux m\u00e9dicaments peuvent exposer le syst\u00e8me de sant\u00e9 \u00e0 un risque bien plus grand qu\u2019on ne l\u2019imagine dans la r\u00e9gion du Pacifique car il y a tr\u00e8s moins de donn\u00e9es officielles disponibles sur cette bact\u00e9rie et encore moins de notori\u00e9t\u00e9 publique, et que les taux \u00e9lev\u00e9s de maladies infectieuses et de prescription d\u2019antibiotiques augmentaient les risques.<\/p>\n<p><strong>Lire aussi |<\/strong><a href=\"https:\/\/www.challenge.ma\/maryam-bigdeli-representante-de-loms-au-maroc-il-est-imperatif-de-prendre-levolution-de-la-tendance-epidemiologique-au-serieux-156285\/\"><strong>Maryam Bigdeli, repr\u00e9sentante de l\u2019OMS au Maroc : \u00ab Il est imp\u00e9ratif de prendre l\u2019\u00e9volution de la tendance \u00e9pid\u00e9miologique au s\u00e9rieux \u00bb<\/strong><\/a><\/p>\n<p>Les scientifiques ont soulign\u00e9 que contrairement au coronavirus, la distance sociale et le port de masques faciaux ne peuvent pas vous prot\u00e9ger de cette maladie car cette bact\u00e9rie existe dans la nourriture, l\u2019eau, l\u2019air et nos substances et ressources d\u2019usage quotidien. Les chercheurs ont \u00e9galement averti les experts de la sant\u00e9 que si cette \u00ab Superbact\u00e9ries \u00bb \u00e9tait ignor\u00e9e plus longtemps, elle pourrait causer plus de dommages que le coronavirus et faire pr\u00e8s de 350 millions de vies jusqu\u2019en 2050.<\/p>\n<p>Auteur: Hajar DARI<br \/>\n<a href=\"https:\/\/www.challenge.ma\/superbacteries-un-risque-bien-plus-grand-que-la-covid-19-156372\/\">Cliquez ici pour lire l&rsquo;article depuis sa source.<\/a><\/p>\n","protected":false},"excerpt":{"rendered":"<p>L\u2019\u00e9mergence de la r\u00e9sistance aux antimicrobiens, y compris les bact\u00e9ries r\u00e9sistantes aux m\u00e9dicaments, ou \u00ab Superbact\u00e9ries \u00bb, pose des risques bien plus importants pour la sant\u00e9 humaine que la Covid-19, a averti le scientifique australien Dr Paul De Barro, directeur de la recherche en bios\u00e9curit\u00e9 \u00e0 l\u2019agence scientifique nationale australienne. Il dit qu\u2019il ne pense [&hellip;]<\/p>\n","protected":false},"author":1787,"featured_media":0,"comment_status":"closed","ping_status":"closed","sticky":false,"template":"","format":"standard","meta":{"fifu_image_url":"","fifu_image_alt":"","footnotes":""},"categories":[78,54],"tags":[],"class_list":["post-98656","post","type-post","status-publish","format-standard","hentry","category-economie","category-maroc"],"_links":{"self":[{"href":"https:\/\/linitiative.ca\/International\/wp-json\/wp\/v2\/posts\/98656","targetHints":{"allow":["GET"]}}],"collection":[{"href":"https:\/\/linitiative.ca\/International\/wp-json\/wp\/v2\/posts"}],"about":[{"href":"https:\/\/linitiative.ca\/International\/wp-json\/wp\/v2\/types\/post"}],"author":[{"embeddable":true,"href":"https:\/\/linitiative.ca\/International\/wp-json\/wp\/v2\/users\/1787"}],"replies":[{"embeddable":true,"href":"https:\/\/linitiative.ca\/International\/wp-json\/wp\/v2\/comments?post=98656"}],"version-history":[{"count":0,"href":"https:\/\/linitiative.ca\/International\/wp-json\/wp\/v2\/posts\/98656\/revisions"}],"wp:attachment":[{"href":"https:\/\/linitiative.ca\/International\/wp-json\/wp\/v2\/media?parent=98656"}],"wp:term":[{"taxonomy":"category","embeddable":true,"href":"https:\/\/linitiative.ca\/International\/wp-json\/wp\/v2\/categories?post=98656"},{"taxonomy":"post_tag","embeddable":true,"href":"https:\/\/linitiative.ca\/International\/wp-json\/wp\/v2\/tags?post=98656"}],"curies":[{"name":"wp","href":"https:\/\/api.w.org\/{rel}","templated":true}]}}