{"id":98657,"date":"2020-09-12T06:45:13","date_gmt":"2020-09-12T10:45:13","guid":{"rendered":"https:\/\/linitiative.ca\/International\/marrakech-deux-morts-dans-leffondrement-dun-chantier-de-construction-dune-clinique-privee\/"},"modified":"2020-09-12T06:45:13","modified_gmt":"2020-09-12T10:45:13","slug":"marrakech-deux-morts-dans-leffondrement-dun-chantier-de-construction-dune-clinique-privee","status":"publish","type":"post","link":"https:\/\/linitiative.ca\/International\/marrakech-deux-morts-dans-leffondrement-dun-chantier-de-construction-dune-clinique-privee\/","title":{"rendered":"Marrakech : deux morts dans l\u2019effondrement d\u2019un chantier de construction d\u2019une clinique priv\u00e9e"},"content":{"rendered":"<p><strong>L\u2019effondrement partiel vendredi soir d\u2019un chantier de construction autoris\u00e9 li\u00e9 \u00e0 l\u2019extension d\u2019une clinique priv\u00e9e sise Boulevard Syrie au quartier de l\u2019Hivernage \u00e0 Marrakech, a fait deux morts, selon notre source sur place.<\/strong><\/p>\n<div class=\"c10\"\/>\n<p>Deux \u00e9tages se sont effondr\u00e9 vers 23h. 20 ma\u00e7ons se trouvaient au chantier, dont dix sont toujours pi\u00e9g\u00e9s sous les d\u00e9combres, a rapport\u00e9 notre source.<\/p>\n<p><strong>Lire aussi |<\/strong><a href=\"https:\/\/www.challenge.ma\/abdelhak-khiam-le-chef-de-la-cellule-terroriste-demantelee-est-un-poissonnier-156359\/\"><strong>Abdelhak Khiam: \u00ab Le chef de la cellule terroriste d\u00e9mantel\u00e9e est un poissonnier \u00bb<\/strong><\/a><\/p>\n<p>Les autorit\u00e9s locales et s\u00e9curitaires, ainsi que les services de la protection civile se sont rendus sur les lieux pour mener des op\u00e9rations de secours et chercher d\u2019\u00e9ventuelles victimes.<\/p>\n<p>Par ailleurs, une enqu\u00eate a \u00e9t\u00e9 ouverte par les autorit\u00e9s comp\u00e9tentes pour d\u00e9terminer les causes de cet accident. 8 ouvriers, le directeur de la clinique et le responsable de la soci\u00e9t\u00e9 en charge du chantier sont entrain d\u2019\u00eatre interrog\u00e9s.<\/p>\n<p>Pour rappel, seuls 5 \u00e9tages sont autoris\u00e9s \u00e0 Marrakech. La soci\u00e9t\u00e9 en charge du chantier a construit une cave et rez-de-chauss\u00e9e qui pourraient \u00eatre la cause de l\u2019effondrement, selon notre source.<\/p>\n<p><strong>Lire aussi |<\/strong><a href=\"https:\/\/www.challenge.ma\/coronavirus-300-000-contaminations-et-1000-morts-quotidiens-au-maroc-selon-lihme-156272\/\"><strong>Coronavirus : 300.000 contaminations et 1000 morts quotidiens au Maroc, selon un centre de recherche am\u00e9ricain<\/strong><\/a><\/p>\n<p>Auteur: Hajar DARI<br \/>\n<a href=\"https:\/\/www.challenge.ma\/marrakech-deux-morts-dans-leffondrement-dun-chantier-de-construction-dune-clinique-privee-156401\/\">Cliquez ici pour lire l&rsquo;article depuis sa source.<\/a><\/p>\n","protected":false},"excerpt":{"rendered":"<p>L\u2019effondrement partiel vendredi soir d\u2019un chantier de construction autoris\u00e9 li\u00e9 \u00e0 l\u2019extension d\u2019une clinique priv\u00e9e sise Boulevard Syrie au quartier de l\u2019Hivernage \u00e0 Marrakech, a fait deux morts, selon notre source sur place. Deux \u00e9tages se sont effondr\u00e9 vers 23h. 20 ma\u00e7ons se trouvaient au chantier, dont dix sont toujours pi\u00e9g\u00e9s sous les d\u00e9combres, a [&hellip;]<\/p>\n","protected":false},"author":1787,"featured_media":0,"comment_status":"closed","ping_status":"closed","sticky":false,"template":"","format":"standard","meta":{"fifu_image_url":"","fifu_image_alt":"","footnotes":""},"categories":[78,54],"tags":[],"class_list":["post-98657","post","type-post","status-publish","format-standard","hentry","category-economie","category-maroc"],"_links":{"self":[{"href":"https:\/\/linitiative.ca\/International\/wp-json\/wp\/v2\/posts\/98657","targetHints":{"allow":["GET"]}}],"collection":[{"href":"https:\/\/linitiative.ca\/International\/wp-json\/wp\/v2\/posts"}],"about":[{"href":"https:\/\/linitiative.ca\/International\/wp-json\/wp\/v2\/types\/post"}],"author":[{"embeddable":true,"href":"https:\/\/linitiative.ca\/International\/wp-json\/wp\/v2\/users\/1787"}],"replies":[{"embeddable":true,"href":"https:\/\/linitiative.ca\/International\/wp-json\/wp\/v2\/comments?post=98657"}],"version-history":[{"count":0,"href":"https:\/\/linitiative.ca\/International\/wp-json\/wp\/v2\/posts\/98657\/revisions"}],"wp:attachment":[{"href":"https:\/\/linitiative.ca\/International\/wp-json\/wp\/v2\/media?parent=98657"}],"wp:term":[{"taxonomy":"category","embeddable":true,"href":"https:\/\/linitiative.ca\/International\/wp-json\/wp\/v2\/categories?post=98657"},{"taxonomy":"post_tag","embeddable":true,"href":"https:\/\/linitiative.ca\/International\/wp-json\/wp\/v2\/tags?post=98657"}],"curies":[{"name":"wp","href":"https:\/\/api.w.org\/{rel}","templated":true}]}}