{"id":98658,"date":"2020-09-12T08:20:48","date_gmt":"2020-09-12T12:20:48","guid":{"rendered":"https:\/\/linitiative.ca\/International\/tanger-le-petit-adnane-retrouve-mort\/"},"modified":"2020-09-12T08:20:48","modified_gmt":"2020-09-12T12:20:48","slug":"tanger-le-petit-adnane-retrouve-mort","status":"publish","type":"post","link":"https:\/\/linitiative.ca\/International\/tanger-le-petit-adnane-retrouve-mort\/","title":{"rendered":"Tanger : le petit Adnane retrouv\u00e9 mort"},"content":{"rendered":"<p><strong>Les \u00e9l\u00e9ments du service pr\u00e9fectoral de la police judiciaire de Tanger ont interpell\u00e9, vendredi soir, un individu \u00e2g\u00e9 de 24 ans, employ\u00e9 dans la zone industrielle de la ville, soup\u00e7onn\u00e9 d\u2019homicide volontaire sur un mineur avec attentat \u00e0 la pudeur.<\/strong><\/p>\n<div class=\"c10\"\/>\n<p>Dans un communiqu\u00e9, la Direction g\u00e9n\u00e9rale de la S\u00fbret\u00e9 nationale (DGSN) indique que la famille de l\u2019enfant avait avis\u00e9 les services de S\u00fbret\u00e9 de la zone \u00ab\u00a0Bni Makada\u00a0\u00bb \u00e0 Tanger de la disparition d\u2019un mineur de 11 ans, avant que les recherches et investigations ne r\u00e9v\u00e8lent qu\u2019il s\u2019agit d\u2019une disparition \u00e0 caract\u00e8re criminel, surtout que le visionnage d\u2019enregistrements vid\u00e9os d\u00e9montre l\u2019implication pr\u00e9sum\u00e9e d\u2019un individu qui a entra\u00een\u00e9 la victime, pr\u00e8s du domicile de sa famille.<\/p>\n<p>Les recherches et le diagnostic men\u00e9s par la police judiciaire, appuy\u00e9e par les services de la Direction g\u00e9n\u00e9rale de la surveillance du territoire (DGST) ont abouti \u00e0 l\u2019identification du suspect, qui r\u00e9side pr\u00e8s du domicile de la victime, avant qu\u2019il ne soit interpell\u00e9 et dirig\u00e9 vers le lieu o\u00f9 il s\u2019est d\u00e9barrass\u00e9 de la d\u00e9pouille.<\/p>\n<p><strong>Lire aussi |<\/strong><a href=\"https:\/\/www.challenge.ma\/marrakech-deux-morts-dans-leffondrement-dun-chantier-de-construction-dune-clinique-privee-156401\/\"><strong>Marrakech: deux morts dans l\u2019effondrement d\u2019un chantier de construction d\u2019une clinique priv\u00e9e<\/strong><\/a><\/p>\n<p>Les premiers \u00e9l\u00e9ments de l\u2019enqu\u00eate r\u00e9v\u00e8lent que le mis en cause a emmen\u00e9 la victime dans un appartement qu\u2019il loue dans le m\u00eame quartier r\u00e9sidentiel, l\u2019a agress\u00e9e sexuellement et commis l\u2019homicide volontaire, au m\u00eame jour et \u00e0 la m\u00eame heure, avant de proc\u00e9der \u00e0 son enterrement aux alentours de son domicile, pr\u00e9cise la DGSN.<\/p>\n<p><strong>Lire aussi |<\/strong><a href=\"https:\/\/www.challenge.ma\/abdelhak-khiam-le-chef-de-la-cellule-terroriste-demantelee-est-un-poissonnier-156359\/\"><strong>Abdelhak Khiam: \u00ab Le chef de la cellule terroriste d\u00e9mantel\u00e9e est un poissonnier \u00bb<\/strong><\/a><\/p>\n<p>Le pr\u00e9venu a \u00e9t\u00e9 plac\u00e9 en garde \u00e0 vue \u00e0 la disposition de l\u2019enqu\u00eate judiciaire men\u00e9e sous la supervision du parquet comp\u00e9tent pour \u00e9lucider les tenants et aboutissants de cet acte criminel, dont l\u2019enfant mineur victime, a \u00e9t\u00e9 transf\u00e9r\u00e9 \u00e0 l\u2019h\u00f4pital r\u00e9gional de la ville pour autopsie.<\/p>\n<p>La mort du petit Adnane a suscit\u00e9 une vague d\u2019\u00e9motion sur les r\u00e9seaux sociaux, \u00e0 tel point qu\u2019une p\u00e9tition en ligne a m\u00eame \u00e9t\u00e9 lanc\u00e9e ce samedi, r\u00e9clamant la peine capitale envers son agresseur. De nombreux commentaires et autres t\u00e9moignages poignants relatifs \u00e0 la disparition tragique de ce jeune Tang\u00e9rois \u00e2g\u00e9 seulement de 11 ans ont d\u00e9ferl\u00e9 sur la toile. Justement, nous vous proposons de prendre connaissance de l\u2019un d\u2019eux, un hommage particuli\u00e8rement \u00e9mouvant qui a \u00e9t\u00e9 rendu par un internaute et que nous publions dans son int\u00e9gralit\u00e9.<\/p>\n<p>Papa , maman,<br \/>Ne me cherchez plus . Ce soir on vient de me trouver . J\u2019\u00e9tais tout pr\u00e8s de vous \u00e0 quelques m\u00e8tres de chez nous , je vous voyais me chercher partout, les yeux enflamm\u00e9s et le c\u0153ur meurtri . Mes amis , ne me cherchez plus , mon corps g\u00eet rigide , glac\u00e9 par l\u2019ignominie d\u2019un loup enrag\u00e9 . Pleurez moi , mais priez pour ma m\u00e8re , pour mon p\u00e8re et pour mon pays , priez pour ces enfants qui se prom\u00e8nent au milieu des loups affam\u00e9s, priez pour ces \u00eatres innocents qui n\u2019ont pas eu le temps de courir , de grimper dans les arbres hauts et de sauter dans les flaques d\u2019eau .<br \/>Je suis parti plus t\u00f4t que pr\u00e9vu , j\u2019aurai aim\u00e9 rester un peu plus longtemps, juste le temps de bien grandir , le temps de jouer , de faire des \u00e9tudes \u2026 mais malheureusement je fus d\u00e9vor\u00e9 par un loup qui avait une t\u00eate d\u2019homme , un corps d\u2019homme mais qui cachait un regard de loup , des dents de loup , un c\u0153ur de loup et des griffes de loup \u2026 je les vois d\u2019ici mes amis , il y a tellement de loups qui r\u00f4dent dans ce monde , faites attention mes amis , ils r\u00f4dent de jour comme de nuit , d\u00e9guis\u00e9s sous des tentures humaines , guid\u00e9s par des pulsions animales , mesquines et d\u00e9vastatrices .<br \/>Je m\u2019en vais mes amis l\u00e0 o\u00f9 je grimperai sur des arbres gigantesques , je serai heureux l\u00e0 o\u00f9 les spectres mal\u00e9fiques n\u2019existent pas , je suis cet ange qui n\u2019a pas sa place au milieu des d\u00e9mons . Je me suis envol\u00e9 tr\u00e8s haut l\u00e0 o\u00f9 aucun mal ne pourrait m\u2019atteindre .<\/p>\n<p>Papa , maman je vous aime .<br \/>Touzani Idrissi Habiba<\/p>\n<p>Avec MAP<\/p>\n<p>Auteur: Hajar DARI<br \/>\n<a href=\"https:\/\/www.challenge.ma\/tanger-le-petit-adnane-retrouve-mort-156429\/\">Cliquez ici pour lire l&rsquo;article depuis sa source.<\/a><\/p>\n","protected":false},"excerpt":{"rendered":"<p>Les \u00e9l\u00e9ments du service pr\u00e9fectoral de la police judiciaire de Tanger ont interpell\u00e9, vendredi soir, un individu \u00e2g\u00e9 de 24 ans, employ\u00e9 dans la zone industrielle de la ville, soup\u00e7onn\u00e9 d\u2019homicide volontaire sur un mineur avec attentat \u00e0 la pudeur. Dans un communiqu\u00e9, la Direction g\u00e9n\u00e9rale de la S\u00fbret\u00e9 nationale (DGSN) indique que la famille [&hellip;]<\/p>\n","protected":false},"author":1787,"featured_media":0,"comment_status":"closed","ping_status":"closed","sticky":false,"template":"","format":"standard","meta":{"fifu_image_url":"","fifu_image_alt":"","footnotes":""},"categories":[78,54],"tags":[],"class_list":["post-98658","post","type-post","status-publish","format-standard","hentry","category-economie","category-maroc"],"_links":{"self":[{"href":"https:\/\/linitiative.ca\/International\/wp-json\/wp\/v2\/posts\/98658","targetHints":{"allow":["GET"]}}],"collection":[{"href":"https:\/\/linitiative.ca\/International\/wp-json\/wp\/v2\/posts"}],"about":[{"href":"https:\/\/linitiative.ca\/International\/wp-json\/wp\/v2\/types\/post"}],"author":[{"embeddable":true,"href":"https:\/\/linitiative.ca\/International\/wp-json\/wp\/v2\/users\/1787"}],"replies":[{"embeddable":true,"href":"https:\/\/linitiative.ca\/International\/wp-json\/wp\/v2\/comments?post=98658"}],"version-history":[{"count":0,"href":"https:\/\/linitiative.ca\/International\/wp-json\/wp\/v2\/posts\/98658\/revisions"}],"wp:attachment":[{"href":"https:\/\/linitiative.ca\/International\/wp-json\/wp\/v2\/media?parent=98658"}],"wp:term":[{"taxonomy":"category","embeddable":true,"href":"https:\/\/linitiative.ca\/International\/wp-json\/wp\/v2\/categories?post=98658"},{"taxonomy":"post_tag","embeddable":true,"href":"https:\/\/linitiative.ca\/International\/wp-json\/wp\/v2\/tags?post=98658"}],"curies":[{"name":"wp","href":"https:\/\/api.w.org\/{rel}","templated":true}]}}