{"id":98664,"date":"2020-09-12T16:45:07","date_gmt":"2020-09-12T20:45:07","guid":{"rendered":"https:\/\/linitiative.ca\/International\/tunisie-audio-kais-saied-doit-faire-cesser-les-humiliations-infligees-aux-diplomates-et-a-la-diplomatie\/"},"modified":"2020-09-12T16:45:07","modified_gmt":"2020-09-12T20:45:07","slug":"tunisie-audio-kais-saied-doit-faire-cesser-les-humiliations-infligees-aux-diplomates-et-a-la-diplomatie","status":"publish","type":"post","link":"https:\/\/linitiative.ca\/International\/tunisie-audio-kais-saied-doit-faire-cesser-les-humiliations-infligees-aux-diplomates-et-a-la-diplomatie\/","title":{"rendered":"Tunisie \u2013 AUDIO\u00a0: Ka\u00efs Sa\u00efed doit faire cesser les humiliations inflig\u00e9es aux diplomates et \u00e0 la diplomatie"},"content":{"rendered":"<div class=\"post-cont-in left relative\">\n<div id=\"post-info-wrap\" class=\"left relative post-info-out\">\n<div class=\"post-info-img left relative\"><img loading=\"lazy\" decoding=\"async\" alt=\"\" src=\"https:\/\/secure.gravatar.com\/avatar\/047123be9d5e8513774383916ee72db2?s=50&amp;d=mm&amp;r=g\" srcset=\"https:\/\/secure.gravatar.com\/avatar\/047123be9d5e8513774383916ee72db2?s=100&amp;d=mm&amp;r=g 2x\" class=\"avatar avatar-50 photo\" height=\"50\" width=\"50\"\/><\/div>\n<div class=\"post-info-in post-info-right left relative\">\n<div class=\"post-info-name left relative\"><span class=\"post-info-text\">Par<\/span> <span class=\"author-name vcard fn author\"><a href=\"https:\/\/www.tunisienumerique.com\/author\/lm\/\" title=\"Articles par LM\" rel=\"author\">LM<\/a><\/span> <span class=\"post-date updated\"><time class=\"post-date updated\" datetime=\"2020-09-12\">\u00a0| Il y a 4 minutes<\/time><\/span><\/div>\n<div class=\"left relative\"><button id=\"listenButton1\" class=\"responsivevoice-button\" type=\"button\" value=\"Play\" title=\"&#xC9;coutez l'article\"><span>\ud83d\udd0a \u00c9coutez l&rsquo;article<\/span><\/button> <\/div>\n<\/div>\n<\/div>\n<p>L\u2019activiste et sp\u00e9cialiste en diplomatie internationale, Anis Jaziri, a annonc\u00e9, dans un entretien accord\u00e9 \u00e0 TunisieNumerique, que les cadres de la diplomatie tunisienne sont, depuis quelque temps, sans cesse humili\u00e9s.<\/p>\n<div class=\"code-block code-block-1 c4\"><ins class=\"adsbygoogle c3\" data-ad-layout=\"in-article\" data-ad-format=\"fluid\" data-ad-client=\"ca-pub-2102118777505746\" data-ad-slot=\"7301775417\"\/> <\/div>\n<p>Il a d\u00e9plor\u00e9 le nombre de ministres sp\u00e9cialis\u00e9s en diplomatie qui ont \u00e9t\u00e9 limog\u00e9s de fa\u00e7on humiliante, ces derni\u00e8res ann\u00e9es. Il a, par ailleurs rappel\u00e9 le rappel sans m\u00e9nagements du repr\u00e9sentant de la Tunisie au conseil de la s\u00e9curit\u00e9 de l\u2019ONU, en rapport avec sa gestion du dossier de la proposition tunisienne concernant l\u2019\u00e9pid\u00e9mie du covid, et son remplacement par Ka\u00efs Kabtni, qui a \u00e9t\u00e9 lui aussi, \u00e0 son tour, rappel\u00e9 de fa\u00e7on humiliante, malgr\u00e9 sa r\u00e9ussite dans la gestion du m\u00eame dossier.<\/p>\n<p>Jaziri a, aussi d\u00e9plor\u00e9 le dernier communiqu\u00e9 du minist\u00e8re des affaires \u00e9trang\u00e8res accusant le diplomate Kabtni de tous les vices de gestion, sans aucune preuve, faisant de cette r\u00e9action, une premi\u00e8re dans le monde de la diplomatie.<\/p>\n<p>Pour finir, Jaziri a appel\u00e9 la pr\u00e9sidence de la R\u00e9publique \u00e0 se ressaisir et \u00e0 faire arr\u00eater toutes ces humiliations pour les cadres du minist\u00e8re des affaires \u00e9trang\u00e8res.<\/p>\n<p><a href=\"https:\/\/www.tunisienumerique.com\/wp-content\/uploads\/2020\/09\/Anis-Jziri.mp3\">https:\/\/www.tunisienumerique.com\/wp-content\/uploads\/2020\/09\/Anis-Jziri.mp3<\/a><\/p>\n<div class=\"swp_social_panel swp_horizontal_panel swp_flat_fresh swp_default_full_color swp_individual_full_color swp_other_full_color scale-100 scale-\" data-min-width=\"1100\" data-float-color=\"#ffffff\" data-float=\"bottom\" data-float-mobile=\"bottom\" data-transition=\"slide\">\n<div class=\"nc_tweetContainer swp_share_button total_shares total_sharesalt\"><span class=\"swp_count\">1 <span class=\"swp_label\">Partages<\/span><\/span><\/div>\n<\/div>\n<p><strong>Que se passe-t-il en Tunisie?<\/strong><br \/>Nous expliquons sur notre <a href=\"https:\/\/www.youtube.com\/channel\/UCRzypVq0B_yBad5eGrwBx0Q?sub_confirmation=1\" target=\"_blank\" rel=\"noopener noreferrer\">cha\u00eene YouTube<\/a> . <a href=\"https:\/\/www.youtube.com\/channel\/UCRzypVq0B_yBad5eGrwBx0Q?sub_confirmation=1\" target=\"_blank\" rel=\"noopener noreferrer\">Abonnez-vous!<\/a><\/p>\n<div class=\"mvp-org-wrap mvp-org-logo\" itemprop=\"publisher\"><img decoding=\"async\" src=\"https:\/\/www.tunisienumerique.com\/wp-content\/uploads\/2017\/02\/logo_tunisie_numerique.png\"\/><\/div>\n<div class=\"mvp-related-posts left relative\">\n<h4 class=\"post-header\"><span class=\"post-header\">Lire aussi<\/span><\/h4>\n<\/div>\n<div id=\"article-ad\"><ins class=\"adsbygoogle c5\" data-ad-client=\"ca-pub-2102118777505746\" data-ad-slot=\"6513972734\" data-ad-format=\"auto\" data-full-width-responsive=\"true\"\/> <\/div>\n<\/div>\n<div id=\"post-sidebar-wrap\"><ins class=\"adsbygoogle c5\" data-ad-client=\"ca-pub-2102118777505746\" data-ad-slot=\"6168283410\" data-ad-format=\"auto\" data-full-width-responsive=\"true\"\/> <\/div>\n<p>Auteur: LM<br \/>\n<a href=\"https:\/\/www.tunisienumerique.com\/tunisie-audio-kais-saied-doit-faire-cesser-les-humiliations-infligees-aux-diplomates-et-a-la-diplomatie\/\">Cliquez ici pour lire l&rsquo;article depuis sa source.<\/a><\/p>\n","protected":false},"excerpt":{"rendered":"<p>Par LM \u00a0| Il y a 4 minutes \ud83d\udd0a \u00c9coutez l&rsquo;article L\u2019activiste et sp\u00e9cialiste en diplomatie internationale, Anis Jaziri, a annonc\u00e9, dans un entretien accord\u00e9 \u00e0 TunisieNumerique, que les cadres de la diplomatie tunisienne sont, depuis quelque temps, sans cesse humili\u00e9s. Il a d\u00e9plor\u00e9 le nombre de ministres sp\u00e9cialis\u00e9s en diplomatie qui ont \u00e9t\u00e9 limog\u00e9s [&hellip;]<\/p>\n","protected":false},"author":1789,"featured_media":0,"comment_status":"closed","ping_status":"closed","sticky":false,"template":"","format":"standard","meta":{"fifu_image_url":"","fifu_image_alt":"","footnotes":""},"categories":[73,55],"tags":[],"class_list":["post-98664","post","type-post","status-publish","format-standard","hentry","category-actualite","category-tunisie"],"_links":{"self":[{"href":"https:\/\/linitiative.ca\/International\/wp-json\/wp\/v2\/posts\/98664","targetHints":{"allow":["GET"]}}],"collection":[{"href":"https:\/\/linitiative.ca\/International\/wp-json\/wp\/v2\/posts"}],"about":[{"href":"https:\/\/linitiative.ca\/International\/wp-json\/wp\/v2\/types\/post"}],"author":[{"embeddable":true,"href":"https:\/\/linitiative.ca\/International\/wp-json\/wp\/v2\/users\/1789"}],"replies":[{"embeddable":true,"href":"https:\/\/linitiative.ca\/International\/wp-json\/wp\/v2\/comments?post=98664"}],"version-history":[{"count":0,"href":"https:\/\/linitiative.ca\/International\/wp-json\/wp\/v2\/posts\/98664\/revisions"}],"wp:attachment":[{"href":"https:\/\/linitiative.ca\/International\/wp-json\/wp\/v2\/media?parent=98664"}],"wp:term":[{"taxonomy":"category","embeddable":true,"href":"https:\/\/linitiative.ca\/International\/wp-json\/wp\/v2\/categories?post=98664"},{"taxonomy":"post_tag","embeddable":true,"href":"https:\/\/linitiative.ca\/International\/wp-json\/wp\/v2\/tags?post=98664"}],"curies":[{"name":"wp","href":"https:\/\/api.w.org\/{rel}","templated":true}]}}