{"id":98665,"date":"2020-09-12T16:52:35","date_gmt":"2020-09-12T20:52:35","guid":{"rendered":"https:\/\/linitiative.ca\/International\/mercato-youcef-belaili-ait-choisi-entre-lesperance-de-tunis-et-al-ahly\/"},"modified":"2020-09-12T16:52:35","modified_gmt":"2020-09-12T20:52:35","slug":"mercato-youcef-belaili-ait-choisi-entre-lesperance-de-tunis-et-al-ahly","status":"publish","type":"post","link":"https:\/\/linitiative.ca\/International\/mercato-youcef-belaili-ait-choisi-entre-lesperance-de-tunis-et-al-ahly\/","title":{"rendered":"Mercato : Youcef Belaili ait choisi entre l\u2019Esp\u00e9rance de Tunis et Al Ahly"},"content":{"rendered":"<div class=\"post-cont-in left relative\">\n<div class=\"heateor_sss_sharing_container heateor_sss_horizontal_sharing\" heateor-sss-data-href=\"https:\/\/sport.tunisienumerique.com\/mercato-youcef-belaili-ait-choisi-entre-lesperance-de-tunis-et-al-ahly\/\">\n<div class=\"heateor_sss_sharing_title c3\">Cet article vous a \u00e9t\u00e9 utile? Partagez le, il int\u00e9ressera d\u2019autres personnes. Merci!<\/div>\n<ul class=\"heateor_sss_sharing_ul\">\n<li class=\"heateorSssSharingRound\"><em alt=\"Facebook\" title=\"Facebook\" class=\"heateorSssSharing heateorSssFacebookBackground c4\" onclick=\"heateorSssPopup(&quot;https:\/\/www.facebook.com\/sharer\/sharer.php?u=https%3A%2F%2Fsport.tunisienumerique.com%2Fmercato-youcef-belaili-ait-choisi-entre-lesperance-de-tunis-et-al-ahly%2F&quot;)\">\u00a0<\/em><\/li>\n<li class=\"heateorSssSharingRound\"><em alt=\"Twitter\" title=\"Twitter\" class=\"heateorSssSharing heateorSssTwitterBackground c4\" onclick=\"heateorSssPopup(&quot;http:\/\/twitter.com\/intent\/tweet?text=Mercato%20%3A%20Youcef%20Belaili%20ait%20choisi%20entre%20l%27Esp%C3%A9rance%20de%20Tunis%20et%20Al%20Ahly&amp;url=https%3A%2F%2Fsport.tunisienumerique.com%2Fmercato-youcef-belaili-ait-choisi-entre-lesperance-de-tunis-et-al-ahly%2F&quot;)\">\u00a0<\/em><\/li>\n<li class=\"heateorSssSharingRound\"><em alt=\"Linkedin\" title=\"Linkedin\" class=\"heateorSssSharing heateorSssLinkedinBackground c4\" onclick=\"heateorSssPopup(&quot;http:\/\/www.linkedin.com\/shareArticle?mini=true&amp;url=https%3A%2F%2Fsport.tunisienumerique.com%2Fmercato-youcef-belaili-ait-choisi-entre-lesperance-de-tunis-et-al-ahly%2F&amp;title=Mercato%20%3A%20Youcef%20Belaili%20ait%20choisi%20entre%20l%27Esp%C3%A9rance%20de%20Tunis%20et%20Al%20Ahly&quot;)\">\u00a0<\/em><\/li>\n<li class=\"heateorSssSharingRound\"><em alt=\"Google Gmail\" title=\"Google Gmail\" class=\"heateorSssSharing heateorSssGoogleGmailBackground c4\" onclick=\"heateorSssPopup(&quot;https:\/\/mail.google.com\/mail\/?ui=2&amp;view=cm&amp;fs=1&amp;tf=1&amp;su=Mercato%20%3A%20Youcef%20Belaili%20ait%20choisi%20entre%20l%27Esp%C3%A9rance%20de%20Tunis%20et%20Al%20Ahly&amp;body=Link:https%3A%2F%2Fsport.tunisienumerique.com%2Fmercato-youcef-belaili-ait-choisi-entre-lesperance-de-tunis-et-al-ahly%2F&quot;)\">\u00a0<\/em><\/li>\n<li class=\"heateorSssSharingRound\"><em alt=\"Whatsapp\" title=\"Whatsapp\" class=\"heateorSssSharing heateorSssWhatsappBackground c4\"><a href=\"https:\/\/web.whatsapp.com\/send?text=Mercato%20%3A%20Youcef%20Belaili%20ait%20choisi%20entre%20l%27Esp%C3%A9rance%20de%20Tunis%20et%20Al%20Ahly%20https%3A%2F%2Fsport.tunisienumerique.com%2Fmercato-youcef-belaili-ait-choisi-entre-lesperance-de-tunis-et-al-ahly%2F\" rel=\"nofollow noopener noreferrer\" target=\"_blank\">\u00a0<\/a><\/em><\/li>\n<li class=\"heateorSssSharingRound\">\u00a0<\/li>\n<\/ul>\n<\/div>\n<p dir=\"ltr\">L\u2019international alg\u00e9rien Youcef Belaili quittera Al Ahli de Djeddah dans les prochains jours.<\/p>\n<p dir=\"ltr\">Le club saoudien, qui a d\u00e9cid\u00e9 de se s\u00e9parer de son joueur, n\u00e9gocierait avec Al Ahly d\u2019Egypte. Mais selon les derni\u00e8res informations, l\u2019international alg\u00e9rien pr\u00e9f\u00e9rerait retourner \u00e0 l\u2019Esp\u00e9rance Sportive de Tunis et aurait inform\u00e9 le pr\u00e9sident, Hamdi Meddeb, de sa volont\u00e9 de retrouver le Parc B. L\u2019information a \u00e9t\u00e9 confirm\u00e9e par le journaliste alg\u00e9rien, Abdennasser\u00a0 Elbar sur Twitter.<\/p>\n<div class=\"code-block code-block-1 c6\"><ins class=\"adsbygoogle c5\" data-ad-layout=\"in-article\" data-ad-format=\"fluid\" data-ad-client=\"ca-pub-2102118777505746\" data-ad-slot=\"7301775417\"\/> <\/div>\n<p dir=\"ltr\">D\u2019apr\u00e8s elbalad, la direction d\u2019Al Ahli exigerait 4 millions d\u2019euros pour laisser partir son joueur. Son p\u00e8re a laiss\u00e9 entendre que le club cairote a formul\u00e9 la meilleure offre.<\/p>\n<p><\/p>\n<div class=\"heateor_sss_sharing_container heateor_sss_horizontal_sharing\" heateor-sss-data-href=\"https:\/\/sport.tunisienumerique.com\/mercato-youcef-belaili-ait-choisi-entre-lesperance-de-tunis-et-al-ahly\/\">\n<div class=\"heateor_sss_sharing_title c3\">Cet article vous a \u00e9t\u00e9 utile? Partagez le, il int\u00e9ressera d\u2019autres personnes. Merci!<\/div>\n<ul class=\"heateor_sss_sharing_ul\">\n<li class=\"heateorSssSharingRound\"><em alt=\"Facebook\" title=\"Facebook\" class=\"heateorSssSharing heateorSssFacebookBackground c4\" onclick=\"heateorSssPopup(&quot;https:\/\/www.facebook.com\/sharer\/sharer.php?u=https%3A%2F%2Fsport.tunisienumerique.com%2Fmercato-youcef-belaili-ait-choisi-entre-lesperance-de-tunis-et-al-ahly%2F&quot;)\">\u00a0<\/em><\/li>\n<li class=\"heateorSssSharingRound\"><em alt=\"Twitter\" title=\"Twitter\" class=\"heateorSssSharing heateorSssTwitterBackground c4\" onclick=\"heateorSssPopup(&quot;http:\/\/twitter.com\/intent\/tweet?text=Mercato%20%3A%20Youcef%20Belaili%20ait%20choisi%20entre%20l%27Esp%C3%A9rance%20de%20Tunis%20et%20Al%20Ahly&amp;url=https%3A%2F%2Fsport.tunisienumerique.com%2Fmercato-youcef-belaili-ait-choisi-entre-lesperance-de-tunis-et-al-ahly%2F&quot;)\">\u00a0<\/em><\/li>\n<li class=\"heateorSssSharingRound\"><em alt=\"Linkedin\" title=\"Linkedin\" class=\"heateorSssSharing heateorSssLinkedinBackground c4\" onclick=\"heateorSssPopup(&quot;http:\/\/www.linkedin.com\/shareArticle?mini=true&amp;url=https%3A%2F%2Fsport.tunisienumerique.com%2Fmercato-youcef-belaili-ait-choisi-entre-lesperance-de-tunis-et-al-ahly%2F&amp;title=Mercato%20%3A%20Youcef%20Belaili%20ait%20choisi%20entre%20l%27Esp%C3%A9rance%20de%20Tunis%20et%20Al%20Ahly&quot;)\">\u00a0<\/em><\/li>\n<li class=\"heateorSssSharingRound\"><em alt=\"Google Gmail\" title=\"Google Gmail\" class=\"heateorSssSharing heateorSssGoogleGmailBackground c4\" onclick=\"heateorSssPopup(&quot;https:\/\/mail.google.com\/mail\/?ui=2&amp;view=cm&amp;fs=1&amp;tf=1&amp;su=Mercato%20%3A%20Youcef%20Belaili%20ait%20choisi%20entre%20l%27Esp%C3%A9rance%20de%20Tunis%20et%20Al%20Ahly&amp;body=Link:https%3A%2F%2Fsport.tunisienumerique.com%2Fmercato-youcef-belaili-ait-choisi-entre-lesperance-de-tunis-et-al-ahly%2F&quot;)\">\u00a0<\/em><\/li>\n<li class=\"heateorSssSharingRound\"><em alt=\"Whatsapp\" title=\"Whatsapp\" class=\"heateorSssSharing heateorSssWhatsappBackground c4\"><a href=\"https:\/\/web.whatsapp.com\/send?text=Mercato%20%3A%20Youcef%20Belaili%20ait%20choisi%20entre%20l%27Esp%C3%A9rance%20de%20Tunis%20et%20Al%20Ahly%20https%3A%2F%2Fsport.tunisienumerique.com%2Fmercato-youcef-belaili-ait-choisi-entre-lesperance-de-tunis-et-al-ahly%2F\" rel=\"nofollow noopener noreferrer\" target=\"_blank\">\u00a0<\/a><\/em><\/li>\n<li class=\"heateorSssSharingRound\">\u00a0<\/li>\n<\/ul>\n<\/div>\n<div class=\"mvp-org-wrap mvp-org-logo\" itemprop=\"publisher\" itemscope=\"\" itemtype=\"https:\/\/schema.org\/Organization\"><img decoding=\"async\" src=\"https:\/\/sport.tunisienumerique.com\/wp-content\/uploads\/2017\/05\/logo_tunisie_numerique.png\"\/><\/div>\n<div class=\"mvp-related-posts left relative\">\n<h4 class=\"post-header\"><span class=\"post-header\">Lire aussi<\/span><\/h4>\n<\/div>\n<div id=\"article-ad\"><ins class=\"adsbygoogle c7\" data-ad-client=\"ca-pub-2102118777505746\" data-ad-slot=\"6513972734\" data-ad-format=\"auto\" data-full-width-responsive=\"true\"\/> <\/div>\n<\/div>\n<div id=\"post-sidebar-wrap\"><ins class=\"adsbygoogle c7\" data-ad-client=\"ca-pub-2102118777505746\" data-ad-slot=\"6513972734\" data-ad-format=\"auto\" data-full-width-responsive=\"true\"\/> <\/div>\n<p>Auteur:<br \/>\n<a href=\"https:\/\/sport.tunisienumerique.com\/mercato-youcef-belaili-ait-choisi-entre-lesperance-de-tunis-et-al-ahly\/\">Cliquez ici pour lire l&rsquo;article depuis sa source.<\/a><\/p>\n","protected":false},"excerpt":{"rendered":"<p>Cet article vous a \u00e9t\u00e9 utile? Partagez le, il int\u00e9ressera d\u2019autres personnes. Merci! \u00a0 \u00a0 \u00a0 \u00a0 \u00a0 \u00a0 L\u2019international alg\u00e9rien Youcef Belaili quittera Al Ahli de Djeddah dans les prochains jours. Le club saoudien, qui a d\u00e9cid\u00e9 de se s\u00e9parer de son joueur, n\u00e9gocierait avec Al Ahly d\u2019Egypte. Mais selon les derni\u00e8res informations, l\u2019international [&hellip;]<\/p>\n","protected":false},"author":1789,"featured_media":98666,"comment_status":"closed","ping_status":"closed","sticky":false,"template":"","format":"standard","meta":{"fifu_image_url":"","fifu_image_alt":"","footnotes":""},"categories":[73,55],"tags":[],"class_list":["post-98665","post","type-post","status-publish","format-standard","has-post-thumbnail","hentry","category-actualite","category-tunisie"],"_links":{"self":[{"href":"https:\/\/linitiative.ca\/International\/wp-json\/wp\/v2\/posts\/98665","targetHints":{"allow":["GET"]}}],"collection":[{"href":"https:\/\/linitiative.ca\/International\/wp-json\/wp\/v2\/posts"}],"about":[{"href":"https:\/\/linitiative.ca\/International\/wp-json\/wp\/v2\/types\/post"}],"author":[{"embeddable":true,"href":"https:\/\/linitiative.ca\/International\/wp-json\/wp\/v2\/users\/1789"}],"replies":[{"embeddable":true,"href":"https:\/\/linitiative.ca\/International\/wp-json\/wp\/v2\/comments?post=98665"}],"version-history":[{"count":0,"href":"https:\/\/linitiative.ca\/International\/wp-json\/wp\/v2\/posts\/98665\/revisions"}],"wp:featuredmedia":[{"embeddable":true,"href":"https:\/\/linitiative.ca\/International\/wp-json\/"}],"wp:attachment":[{"href":"https:\/\/linitiative.ca\/International\/wp-json\/wp\/v2\/media?parent=98665"}],"wp:term":[{"taxonomy":"category","embeddable":true,"href":"https:\/\/linitiative.ca\/International\/wp-json\/wp\/v2\/categories?post=98665"},{"taxonomy":"post_tag","embeddable":true,"href":"https:\/\/linitiative.ca\/International\/wp-json\/wp\/v2\/tags?post=98665"}],"curies":[{"name":"wp","href":"https:\/\/api.w.org\/{rel}","templated":true}]}}