{"id":98668,"date":"2020-09-12T07:18:04","date_gmt":"2020-09-12T11:18:04","guid":{"rendered":"https:\/\/linitiative.ca\/International\/inondations-economie-et-faits-divers-a-la-une-de-la-presse-senegalaise\/"},"modified":"2020-09-12T07:18:04","modified_gmt":"2020-09-12T11:18:04","slug":"inondations-economie-et-faits-divers-a-la-une-de-la-presse-senegalaise","status":"publish","type":"post","link":"https:\/\/linitiative.ca\/International\/inondations-economie-et-faits-divers-a-la-une-de-la-presse-senegalaise\/","title":{"rendered":"Inondations, \u00e9conomie et faits divers \u00e0 la Une de la presse s\u00e9n\u00e9galaise"},"content":{"rendered":"<div readability=\"32\">\n<p>Publi\u00e9 le 12.09.2020 \u00e0 12h18 par APA News<\/p>\n<\/div>\n<div readability=\"96\">\n<p>Les quotidiens s\u00e9n\u00e9galais, parvenus ce samedi \u00e0 APA, traitement essentiellement de sujets en lien avec les inondations, l\u2019\u00e9conomie et les faits divers.\u00ab 24 heures en enfer \u00bb, barre \u00e0 sa Une le journal EnQu\u00eate qui consacre tout un dossier au quotidien des sinistr\u00e9s des inondations. \u00ab Aux quartiers Sotrac, Ousmane Mbengue et Ndoumb\u00e9lane, dans la commune de Guinaw Rail Sud, Ainoumady \u00e0 Keur Massar, l\u2019Etat est encore le grand absent. Les populations, sous les eaux, se battent comme des grenouilles pour leur survie. Ici, m\u00eame les besoins primaires comme manger, dormir, allers aux toilettes deviennent des luxes pour certaines familles \u00bb, constatent nos confr\u00e8res.<\/p>\n<p>L\u2019AS quotidien effectue \u00e9galement une \u00ab\u00a0incursion dans le calvaire des sinistr\u00e9s\u00a0\u00bb et soutient que \u00ab\u00a0Les cons\u00e9quences des fortes pluies tomb\u00e9es le week-end dernier resteront sans doute bdans les m\u00e9moires de certains S\u00e9n\u00e9galais, plus particuli\u00e8rement chez les habitants des Parcelles Assainies Unit\u00e9 3, Unit\u00e9 2 et ceux de Camille Basse\u00a0\u00bb de Keur Massar (Dakar).<\/p>\n<p>En effet, souligne le journal, \u00ab\u00a0En d\u00e9pit du d\u00e9clenchement du Plan Orsec, les populations sinistr\u00e9s soutiennent que leur situation n\u2019a connu aucune am\u00e9lioration. Exc\u00e9d\u00e9es, elles somment le gouvernement de renforcer les moyens pour mettre fin au calvaire qu\u2019elles vivent depuis une semaine\u00a0\u00bb.<\/p>\n<p>Rassurant, le quotidien national Le Soleil in forme qu\u2019\u00ab\u00a0Un site de recasement (a \u00e9t\u00e9) am\u00e9nag\u00e9 \u00e0 Keur Massar\u00a0\u00bb en soutien aux sinistr\u00e9s des inondations.<\/p>\n<p>Sous le titre \u00ab La croissance chope le virus \u00bb, Le Quotidien \u00a0s\u2019int\u00e9resse \u00e0 l\u2019impact de la Covid-19 sur le Produit int\u00e9rieur brut (Pib) et \u00e9crit : \u00ab Projet\u00e9 initialement \u00e0 1,1%, le taux pourrait chuter \u00e0 -0,7% \u00bb. Walf quotidien se passe du conditionnel utilis\u00e9 par Le Quotidien et affirme que \u00ab Le S\u00e9n\u00e9gal plonge dans la r\u00e9cession \u00bb.<\/p>\n<p>L\u2019Observateur consacre sa parution du jour \u00e0 ce qu\u2019il qualifie de \u00ab\u00a0Sale temps pour le CFA\u00a0\u00bb et raconte \u00ab\u00a0Comment la pand\u00e9mie du coronavirus a fait d\u00e9valuer la monnaie sur\u00a0le march\u00e9 du change\u00a0\u00bb.<\/p>\n<p>Le quotidien national Le Soleil fait l\u2019\u00e9loge de la coop\u00e9ration S\u00e9n\u00e9gal-Turquie et informe que \u00ab\u00a0Deux accords de coop\u00e9ration (viennent d\u2019\u00eatre) sign\u00e9s\u00a0\u00bb et que la 5\u00e8me Commission mixte se tiendra \u00ab bient\u00f4t \u00bb. La Turquie s\u2019engage \u00e9galement pour la phase 2 du Plan S\u00e9n\u00e9gal \u00e9mergent (Pse), se r\u00e9jouit Le Soleil.<\/p>\n<p>En fait divers, Vox Populi relate le \u00ab\u00a0r\u00e9cit posthume d\u2019une victime d\u2019inceste\u00a0\u00bb et raconte que \u00ab\u00a0ce jour o\u00f9 la vie de Yacine bascula, dans sa 17\u00e8me ann\u00e9e du fait de son p\u00e8re qui lui a fait un enfant \u00bb. \u00ab Et l\u2019acte interdit entraina la mort de la victime apr\u00e8s 40 ans de souffrance \u00bb, \u00e9crivent nos confr\u00e8res.<\/p>\n<\/div>\n<p>Auteur: APA News<br \/>\n<a href=\"https:\/\/www.journalducameroun.com\/inondations-economie-et-faits-divers-a-la-une-de-la-presse-senegalaise\/\">Cliquez ici pour lire l&rsquo;article depuis sa source.<\/a><\/p>\n","protected":false},"excerpt":{"rendered":"<p>Publi\u00e9 le 12.09.2020 \u00e0 12h18 par APA News Les quotidiens s\u00e9n\u00e9galais, parvenus ce samedi \u00e0 APA, traitement essentiellement de sujets en lien avec les inondations, l\u2019\u00e9conomie et les faits divers.\u00ab 24 heures en enfer \u00bb, barre \u00e0 sa Une le journal EnQu\u00eate qui consacre tout un dossier au quotidien des sinistr\u00e9s des inondations. \u00ab Aux [&hellip;]<\/p>\n","protected":false},"author":1965,"featured_media":0,"comment_status":"closed","ping_status":"closed","sticky":false,"template":"","format":"standard","meta":{"fifu_image_url":"","fifu_image_alt":"","footnotes":""},"categories":[73,82],"tags":[],"class_list":["post-98668","post","type-post","status-publish","format-standard","hentry","category-actualite","category-cameroun"],"_links":{"self":[{"href":"https:\/\/linitiative.ca\/International\/wp-json\/wp\/v2\/posts\/98668","targetHints":{"allow":["GET"]}}],"collection":[{"href":"https:\/\/linitiative.ca\/International\/wp-json\/wp\/v2\/posts"}],"about":[{"href":"https:\/\/linitiative.ca\/International\/wp-json\/wp\/v2\/types\/post"}],"author":[{"embeddable":true,"href":"https:\/\/linitiative.ca\/International\/wp-json\/wp\/v2\/users\/1965"}],"replies":[{"embeddable":true,"href":"https:\/\/linitiative.ca\/International\/wp-json\/wp\/v2\/comments?post=98668"}],"version-history":[{"count":0,"href":"https:\/\/linitiative.ca\/International\/wp-json\/wp\/v2\/posts\/98668\/revisions"}],"wp:attachment":[{"href":"https:\/\/linitiative.ca\/International\/wp-json\/wp\/v2\/media?parent=98668"}],"wp:term":[{"taxonomy":"category","embeddable":true,"href":"https:\/\/linitiative.ca\/International\/wp-json\/wp\/v2\/categories?post=98668"},{"taxonomy":"post_tag","embeddable":true,"href":"https:\/\/linitiative.ca\/International\/wp-json\/wp\/v2\/tags?post=98668"}],"curies":[{"name":"wp","href":"https:\/\/api.w.org\/{rel}","templated":true}]}}