{"id":98669,"date":"2020-09-12T13:18:03","date_gmt":"2020-09-12T17:18:03","guid":{"rendered":"https:\/\/linitiative.ca\/International\/ouverture-a-abidjan-du-premier-congres-ordinaire-de-la-centrale-syndicale-humanisme\/"},"modified":"2020-09-12T13:18:03","modified_gmt":"2020-09-12T17:18:03","slug":"ouverture-a-abidjan-du-premier-congres-ordinaire-de-la-centrale-syndicale-humanisme","status":"publish","type":"post","link":"https:\/\/linitiative.ca\/International\/ouverture-a-abidjan-du-premier-congres-ordinaire-de-la-centrale-syndicale-humanisme\/","title":{"rendered":"Ouverture \u00e0 Abidjan du premier congr\u00e8s ordinaire de la Centrale syndicale humanisme"},"content":{"rendered":"<div readability=\"32\">\n<p>Publi\u00e9 le 12.09.2020 \u00e0 18h18 par APA News<\/p>\n<\/div>\n<div readability=\"65\">\n<p>Le premier congr\u00e8s ordinaire de la Centrale Syndicale Humanisme ( CSH) s\u2019est ouvert samedi \u00e0 Abidjan autour du th\u00e8me, \u00abLes travailleurs face \u00e0 la crise de l\u2019emploi caus\u00e9e par la pand\u00e9mie de la COVID-19: quelle riposte ? \u00bb, a constat\u00e9 APA sur place.Selon Mamadou Soro, le secr\u00e9taire g\u00e9n\u00e9ral de cette organisation, il a \u00e9t\u00e9 pr\u00e9sent\u00e9 \u00e0 cette occasion le plan strat\u00e9gique de d\u00e9veloppement \u00a02020-2030 de cette centrale.\u00a0<\/p>\n<p>\u00abNous sommes sans ignorer que cette pand\u00e9mie de la COVID-19 a d\u00e9structur\u00e9 les liens sociaux qui nous commande aujourd\u2019hui de r\u00e9fl\u00e9chir pour arriver \u00e0 un nouveau pacte social qui puisse permettre de relancer la croissance \u00e9conomique de la C\u00f4te d\u2019Ivoire. Tous les travailleurs que nous sommes, nous allons apporter nos r\u00e9flexions, nos contributions pour que notre pays puisse rester debout pour amorcer \u00e0 nouveau la croissance \u00e9conomique\u00bb, a expliqu\u00e9 M. Soro \u00e0 la presse.\u00a0<\/p>\n<p>Auparavant, il a rappel\u00e9 les acquis de son organisation syndicale qui compte une dizaine d\u2019ann\u00e9es d\u2019existence.<\/p>\n<p>\u00a0\u00ab Plus de 700 travailleurs ont \u00e9t\u00e9 form\u00e9s sur l\u2019ensemble du territoire. Nous avons soutenu nos 170 organisations contre toutes les sortes d\u2019abus, mais en m\u00eame temps, nous avons fait la promotion du droit social et particuli\u00e8rement, la promotion du nouveau code du travail. De m\u00eame nous avons pu r\u00e9aliser l\u2019affiliation de notre organisation \u00e0 la conf\u00e9d\u00e9ration syndicale internationale et aussi \u00e0 la conf\u00e9d\u00e9ration syndicale r\u00e9gion Afrique qui donne une aura internationale \u00e0 notre centrale syndicale \u00bb, a entre autres, fait savoir M. Soro.\u00a0<\/p>\n<p>Les travaux en commission de ce premier congr\u00e8s ordinaire de la CSH \u00a0d\u00e9marreront lundi prochain autour de quatre axes qui constituent la matrice d\u2019actions de son \u00a0plan strat\u00e9gique de d\u00e9veloppement. Ce congr\u00e8s s\u2019ach\u00e8vera samedi prochain par une c\u00e9r\u00e9monie officielle.\u00a0<\/p>\n<\/div>\n<p>Auteur: APA News<br \/>\n<a href=\"https:\/\/www.journalducameroun.com\/ouverture-a-abidjan-du-premier-congres-ordinaire-de-la-centrale-syndicale-humanisme\/\">Cliquez ici pour lire l&rsquo;article depuis sa source.<\/a><\/p>\n","protected":false},"excerpt":{"rendered":"<p>Publi\u00e9 le 12.09.2020 \u00e0 18h18 par APA News Le premier congr\u00e8s ordinaire de la Centrale Syndicale Humanisme ( CSH) s\u2019est ouvert samedi \u00e0 Abidjan autour du th\u00e8me, \u00abLes travailleurs face \u00e0 la crise de l\u2019emploi caus\u00e9e par la pand\u00e9mie de la COVID-19: quelle riposte ? \u00bb, a constat\u00e9 APA sur place.Selon Mamadou Soro, le secr\u00e9taire [&hellip;]<\/p>\n","protected":false},"author":1965,"featured_media":0,"comment_status":"closed","ping_status":"closed","sticky":false,"template":"","format":"standard","meta":{"fifu_image_url":"","fifu_image_alt":"","footnotes":""},"categories":[73,82],"tags":[],"class_list":["post-98669","post","type-post","status-publish","format-standard","hentry","category-actualite","category-cameroun"],"_links":{"self":[{"href":"https:\/\/linitiative.ca\/International\/wp-json\/wp\/v2\/posts\/98669","targetHints":{"allow":["GET"]}}],"collection":[{"href":"https:\/\/linitiative.ca\/International\/wp-json\/wp\/v2\/posts"}],"about":[{"href":"https:\/\/linitiative.ca\/International\/wp-json\/wp\/v2\/types\/post"}],"author":[{"embeddable":true,"href":"https:\/\/linitiative.ca\/International\/wp-json\/wp\/v2\/users\/1965"}],"replies":[{"embeddable":true,"href":"https:\/\/linitiative.ca\/International\/wp-json\/wp\/v2\/comments?post=98669"}],"version-history":[{"count":0,"href":"https:\/\/linitiative.ca\/International\/wp-json\/wp\/v2\/posts\/98669\/revisions"}],"wp:attachment":[{"href":"https:\/\/linitiative.ca\/International\/wp-json\/wp\/v2\/media?parent=98669"}],"wp:term":[{"taxonomy":"category","embeddable":true,"href":"https:\/\/linitiative.ca\/International\/wp-json\/wp\/v2\/categories?post=98669"},{"taxonomy":"post_tag","embeddable":true,"href":"https:\/\/linitiative.ca\/International\/wp-json\/wp\/v2\/tags?post=98669"}],"curies":[{"name":"wp","href":"https:\/\/api.w.org\/{rel}","templated":true}]}}