{"id":98670,"date":"2020-09-12T13:18:06","date_gmt":"2020-09-12T17:18:06","guid":{"rendered":"https:\/\/linitiative.ca\/International\/la-banque-atlantique-rassure-sa-clientele-apres-la-perturbation-de-ses-services-au-burkina-faso\/"},"modified":"2020-09-12T13:18:06","modified_gmt":"2020-09-12T17:18:06","slug":"la-banque-atlantique-rassure-sa-clientele-apres-la-perturbation-de-ses-services-au-burkina-faso","status":"publish","type":"post","link":"https:\/\/linitiative.ca\/International\/la-banque-atlantique-rassure-sa-clientele-apres-la-perturbation-de-ses-services-au-burkina-faso\/","title":{"rendered":"La Banque Atlantique rassure sa client\u00e8le apr\u00e8s la perturbation de ses services au Burkina Faso"},"content":{"rendered":"<div readability=\"32\">\n<p>Publi\u00e9 le 12.09.2020 \u00e0 18h18 par APA News<\/p>\n<\/div>\n<div readability=\"107\">\n<p>La direction g\u00e9n\u00e9rale de la Banque Atlantique du Burkina Faso a rassur\u00e9 dans un communiqu\u00e9 transmis \u00e0 APA, vendredi, sa client\u00e8le apr\u00e8s la perturbation de ses services li\u00e9e \u00e0 un d\u00e9biteur avec lequel la Banque est en contentieux devant les juridictions nationales.\u00ab Dans la matin\u00e9e du mardi 08 septembre 2020, les activit\u00e9s de Banque Atlantique Burkina Faso (BABF) SA ont \u00e9t\u00e9 perturb\u00e9es par le fait d\u2019un d\u00e9biteur avec lequel la Banque est en contentieux devant les juridictions nationales \u00bb, souligne le communiqu\u00e9.<\/p>\n<p>Banque Atlantique Burkina Faso pr\u00e9sentant ses excuses aupr\u00e8s de l\u2019ensemble de sa client\u00e8le pour les d\u00e9sagr\u00e9ments que cette situation a pu lui causer a tenu \u00e0 r\u00e9tablir les faits suite \u00e0 la campagne de d\u00e9nigrement dont elle a fait l\u2019objet dans la presse et sur les r\u00e9seaux sociaux.<\/p>\n<p>Dans le cadre de ses relations avec la Banque, le b\u00e9biteur avait b\u00e9n\u00e9fici\u00e9 d\u2019un accompagnement sous forme d\u2019un cr\u00e9dit moyen terme destin\u00e9 \u00e0 financer l\u2019implantation d\u2019une unit\u00e9 industrielle. Le d\u00e9blocage de ce cr\u00e9dit \u00e9tait conditionn\u00e9 par la formalisation d\u2019un certain nombre de garanties et la r\u00e9union de documents n\u00e9cessaires.\u00a0<\/p>\n<p>\u00ab Pour la r\u00e9alisation de ces conditionnalit\u00e9s pr\u00e9alables, le d\u00e9biteur a mis un d\u00e9lai de 2 ans et le cr\u00e9dit a \u00e9t\u00e9 d\u00e9bloqu\u00e9 en 2015, contrairement aux all\u00e9gations relay\u00e9es \u00e0 travers des m\u00e9dias \u00bb, explique la Banque.\u00a0<\/p>\n<p>\u00ab Le d\u00e9biteur a pu ainsi acqu\u00e9rir du mat\u00e9riel pour l\u2019implantation de son usine qu\u2019il n\u2019a jamais mont\u00e9. Le cr\u00e9dit mis en place n\u2019a connu aucun remboursement \u00e0 ce jour. \u00a0En 2017, le d\u00e9biteur a sollicit\u00e9 un financement compl\u00e9mentaire que la Banque a rejet\u00e9 \u00bb, a poursuivi la Banque Atlantique.<\/p>\n<p>Prenant pr\u00e9texte de ce rejet, le d\u00e9biteur a assign\u00e9 la BABF par devant le Tribunal de Commerce de Ouagadougou (TCO) pour rupture abusive de la convention de cr\u00e9dit et retards d\u2019ex\u00e9cution de ses obligations. Elle sollicitait la condamnation de la Banque \u00e0 lui payer la somme de 5,3 milliards de FCFA, outre les int\u00e9r\u00eats \u00e0 compter de \u00a0la date d\u2019ouverture du dossier.<\/p>\n<p>\u00ab En d\u00e9pit des arguments et des preuves apport\u00e9s par la Banque, par d\u00e9cision en date du 16\/04\/2019, le Tribunal de Commerce de Ouagadougou a condamn\u00e9 la BABF \u00e0 payer la somme de 2 721 382 662 FCFA en m\u00e9connaissant au surplus la cr\u00e9ance de la Banque r\u00e9sultant du cr\u00e9dit \u00bb, ajoute le communiqu\u00e9, pr\u00e9cisant que \u00ab cette d\u00e9cision a \u00e9t\u00e9 confirm\u00e9e par la Cour d\u2019appel \u00bb.<\/p>\n<p>La Banque a donc form\u00e9 un pourvoi en cassation pendant devant la Cour de Cassation. La Banque a entretemps fait l\u2019objet de saisies vente. Ces saisies ont \u00e9t\u00e9 contest\u00e9es et la proc\u00e9dure est renvoy\u00e9e au 11 septembre 2020.<\/p>\n<p>C\u2019est en cet \u00e9tat et nonobstant les n\u00e9gociations et les propositions faites par la BABF que le d\u00e9biteur a entrepris l\u2019enl\u00e8vement ce 08 septembre 2020 des biens saisis avec le concours de la force publique. Ainsi, la Banque a d\u00fb fermer momentan\u00e9ment ses locaux.<\/p>\n<p>\u00ab BABF tient \u00e0 rassurer l\u2019opinion publique nationale et sa client\u00e8le de son attachement au strict respect des d\u00e9cisions judiciaires. De ce fait, la Banque travaille avec ses conseils sur toutes les voies de recours pr\u00e9vues en pareilles situations afin d\u2019apporter la r\u00e9ponse judiciaire appropri\u00e9e \u00bb, indique encore le communiqu\u00e9.<\/p>\n<p>Apr\u00e8s le retrait de la force publique, l\u2019huissier a eu librement acc\u00e8s \u00e0 la Banque pour faire son travail.<\/p>\n<p>\u00ab Par le pr\u00e9sent communiqu\u00e9, BABF souhaite rassurer sa client\u00e8le et l\u2019opinion publique, sur la poursuite effective de ses activit\u00e9s \u00e0 travers son r\u00e9seau d\u2019agences sur l\u2019ensemble du territoire national \u00bb, conclut la Banque.<\/p>\n<\/div>\n<p>Auteur: APA News<br \/>\n<a href=\"https:\/\/www.journalducameroun.com\/la-banque-atlantique-rassure-sa-clientele-apres-la-perturbation-de-ses-services-au-burkina-faso\/\">Cliquez ici pour lire l&rsquo;article depuis sa source.<\/a><\/p>\n","protected":false},"excerpt":{"rendered":"<p>Publi\u00e9 le 12.09.2020 \u00e0 18h18 par APA News La direction g\u00e9n\u00e9rale de la Banque Atlantique du Burkina Faso a rassur\u00e9 dans un communiqu\u00e9 transmis \u00e0 APA, vendredi, sa client\u00e8le apr\u00e8s la perturbation de ses services li\u00e9e \u00e0 un d\u00e9biteur avec lequel la Banque est en contentieux devant les juridictions nationales.\u00ab Dans la matin\u00e9e du mardi [&hellip;]<\/p>\n","protected":false},"author":1965,"featured_media":0,"comment_status":"closed","ping_status":"closed","sticky":false,"template":"","format":"standard","meta":{"fifu_image_url":"","fifu_image_alt":"","footnotes":""},"categories":[73,82],"tags":[],"class_list":["post-98670","post","type-post","status-publish","format-standard","hentry","category-actualite","category-cameroun"],"_links":{"self":[{"href":"https:\/\/linitiative.ca\/International\/wp-json\/wp\/v2\/posts\/98670","targetHints":{"allow":["GET"]}}],"collection":[{"href":"https:\/\/linitiative.ca\/International\/wp-json\/wp\/v2\/posts"}],"about":[{"href":"https:\/\/linitiative.ca\/International\/wp-json\/wp\/v2\/types\/post"}],"author":[{"embeddable":true,"href":"https:\/\/linitiative.ca\/International\/wp-json\/wp\/v2\/users\/1965"}],"replies":[{"embeddable":true,"href":"https:\/\/linitiative.ca\/International\/wp-json\/wp\/v2\/comments?post=98670"}],"version-history":[{"count":0,"href":"https:\/\/linitiative.ca\/International\/wp-json\/wp\/v2\/posts\/98670\/revisions"}],"wp:attachment":[{"href":"https:\/\/linitiative.ca\/International\/wp-json\/wp\/v2\/media?parent=98670"}],"wp:term":[{"taxonomy":"category","embeddable":true,"href":"https:\/\/linitiative.ca\/International\/wp-json\/wp\/v2\/categories?post=98670"},{"taxonomy":"post_tag","embeddable":true,"href":"https:\/\/linitiative.ca\/International\/wp-json\/wp\/v2\/tags?post=98670"}],"curies":[{"name":"wp","href":"https:\/\/api.w.org\/{rel}","templated":true}]}}