{"id":98671,"date":"2020-09-12T14:18:03","date_gmt":"2020-09-12T18:18:03","guid":{"rendered":"https:\/\/linitiative.ca\/International\/cote-divoire-alassane-ouattara-annonce-laugmentation-du-prix-du-cacao\/"},"modified":"2020-09-12T14:18:03","modified_gmt":"2020-09-12T18:18:03","slug":"cote-divoire-alassane-ouattara-annonce-laugmentation-du-prix-du-cacao","status":"publish","type":"post","link":"https:\/\/linitiative.ca\/International\/cote-divoire-alassane-ouattara-annonce-laugmentation-du-prix-du-cacao\/","title":{"rendered":"C\u00f4te d\u2019Ivoire : Alassane Ouattara annonce l\u2019augmentation du prix du cacao"},"content":{"rendered":"<div readability=\"32\">\n<p>Publi\u00e9 le 12.09.2020 \u00e0 19h18 par APA News<\/p>\n<\/div>\n<div readability=\"51\">\n<p>Le prix d\u2019achat du cacao conna\u00eetra une augmentation en octobre prochain, a annonc\u00e9 le Chef de l\u2019Etat ivoirien Alassane Ouattara, samedi, \u00e0 Bongouanou (Centre-Est) o\u00f9 il a achev\u00e9 une visite d\u2019Etat de quatre jours.Interrog\u00e9 par un journaliste lors de la conf\u00e9rence de presse-bilan marquant la fin de sa visite d\u2019Etat, le pr\u00e9sident ivoirien a annonc\u00e9 que le \u00ab prix du cacao va augmenter \u00bb.<\/p>\n<p>\u00ab Le prix va augmenter. Le 30 septembre, nous ferons un Conseil des ministres \u00e0 Yamoussoukro et \u00a0nous aurons une bonne nouvelle \u00e0 annoncer aux paysans \u00bb, a ajout\u00e9 Alassane Ouattara, sans plus de d\u00e9tails.<\/p>\n<p>Le prix minimum garanti du cacao en C\u00f4te d\u2019Ivoire, premier producteur mondial, est fix\u00e9 \u00e0 825 Fcfa\/Kg pour la campagne interm\u00e9diaire 2019-2020.<\/p>\n<\/div>\n<p>Auteur: APA News<br \/>\n<a href=\"https:\/\/www.journalducameroun.com\/cote-divoire-alassane-ouattara-annonce-laugmentation-du-prix-du-cacao\/\">Cliquez ici pour lire l&rsquo;article depuis sa source.<\/a><\/p>\n","protected":false},"excerpt":{"rendered":"<p>Publi\u00e9 le 12.09.2020 \u00e0 19h18 par APA News Le prix d\u2019achat du cacao conna\u00eetra une augmentation en octobre prochain, a annonc\u00e9 le Chef de l\u2019Etat ivoirien Alassane Ouattara, samedi, \u00e0 Bongouanou (Centre-Est) o\u00f9 il a achev\u00e9 une visite d\u2019Etat de quatre jours.Interrog\u00e9 par un journaliste lors de la conf\u00e9rence de presse-bilan marquant la fin de [&hellip;]<\/p>\n","protected":false},"author":1965,"featured_media":0,"comment_status":"closed","ping_status":"closed","sticky":false,"template":"","format":"standard","meta":{"fifu_image_url":"","fifu_image_alt":"","footnotes":""},"categories":[73,82],"tags":[],"class_list":["post-98671","post","type-post","status-publish","format-standard","hentry","category-actualite","category-cameroun"],"_links":{"self":[{"href":"https:\/\/linitiative.ca\/International\/wp-json\/wp\/v2\/posts\/98671","targetHints":{"allow":["GET"]}}],"collection":[{"href":"https:\/\/linitiative.ca\/International\/wp-json\/wp\/v2\/posts"}],"about":[{"href":"https:\/\/linitiative.ca\/International\/wp-json\/wp\/v2\/types\/post"}],"author":[{"embeddable":true,"href":"https:\/\/linitiative.ca\/International\/wp-json\/wp\/v2\/users\/1965"}],"replies":[{"embeddable":true,"href":"https:\/\/linitiative.ca\/International\/wp-json\/wp\/v2\/comments?post=98671"}],"version-history":[{"count":0,"href":"https:\/\/linitiative.ca\/International\/wp-json\/wp\/v2\/posts\/98671\/revisions"}],"wp:attachment":[{"href":"https:\/\/linitiative.ca\/International\/wp-json\/wp\/v2\/media?parent=98671"}],"wp:term":[{"taxonomy":"category","embeddable":true,"href":"https:\/\/linitiative.ca\/International\/wp-json\/wp\/v2\/categories?post=98671"},{"taxonomy":"post_tag","embeddable":true,"href":"https:\/\/linitiative.ca\/International\/wp-json\/wp\/v2\/tags?post=98671"}],"curies":[{"name":"wp","href":"https:\/\/api.w.org\/{rel}","templated":true}]}}