{"id":98672,"date":"2020-09-12T15:18:02","date_gmt":"2020-09-12T19:18:02","guid":{"rendered":"https:\/\/linitiative.ca\/International\/maroc-un-crime-crapuleux-secoue-tanger\/"},"modified":"2020-09-12T15:18:02","modified_gmt":"2020-09-12T19:18:02","slug":"maroc-un-crime-crapuleux-secoue-tanger","status":"publish","type":"post","link":"https:\/\/linitiative.ca\/International\/maroc-un-crime-crapuleux-secoue-tanger\/","title":{"rendered":"Maroc : Un crime crapuleux secoue Tanger"},"content":{"rendered":"<div readability=\"32\">\n<p>Publi\u00e9 le 12.09.2020 \u00e0 20h18 par APA News<\/p>\n<\/div>\n<div readability=\"97\">\n<p>La ville de Tanger, au nord du Maroc, a \u00e9t\u00e9 le th\u00e9\u00e2tre d\u2019un crime odieux apr\u00e8s qu\u2019un jeune de 24 ait sauvagement viol\u00e9 un enfant de 11 ans avant de l\u2019\u00e9trangler et de l\u2019enterrer dans une fosse creus\u00e9e dans un petit jardin public.Disparu le lundi 7 septembre, \u00e0 Tanger, Adnane B., enfant de 11 ans, a \u00e9t\u00e9 retrouv\u00e9 mort, vendredi 11 septembre, dans une fosse creus\u00e9e \u00e0 la h\u00e2te dans un petit jardin public. Le pr\u00e9sum\u00e9 auteur du crime, voisin de la victime, l\u2019aurait rencontr\u00e9 pour l\u2019emmener ensuite dans la demeure qu\u2019il venait de louer dans le quartier, il l\u2019a assassin\u00e9 apr\u00e8s l\u2019avoir viol\u00e9. Le pr\u00e9sum\u00e9 assassin a \u00e9t\u00e9 interpell\u00e9 par les \u00e9l\u00e9ments de la s\u00e9curit\u00e9. Il a avou\u00e9 son acte abominable et r\u00e9v\u00e9l\u00e9 l\u2019endroit o\u00f9 il avait enterr\u00e9 le cadavre.<\/p>\n<p>Une vaste campagne avait \u00e9t\u00e9 lanc\u00e9e dans les r\u00e9seaux sociaux et sur la t\u00e9l\u00e9vision pour le retrouver ou du moins arriver \u00e0 reconna\u00eetre son ravisseur qui semble l\u2019accompagner dans l\u2019une des derni\u00e8res images de Adnan vivant.<\/p>\n<p>Des images ainsi que des enregistrements de cam\u00e9ras de surveillance du quartier ont permis de reconstituer les derni\u00e8res heures de la victime pour confronter l\u2019accus\u00e9 qui est pass\u00e9 aux aveux avant d\u2019indiquer le lieu ou la victime a \u00e9t\u00e9 enterr\u00e9e, \u00e0 quelques pas de la maison de ses parents.<\/p>\n<p>Dans un communiqu\u00e9, la Direction g\u00e9n\u00e9rale de la S\u00fbret\u00e9 nationale (DGSN) a indique que la famille de l\u2019enfant avait avis\u00e9 les services de S\u00fbret\u00e9 de la zone \u00ab Bni Makada \u00bb \u00e0 Tanger de la disparition d\u2019un mineur de 11 ans, avant que les recherches et investigations ne r\u00e9v\u00e8lent qu\u2019il s\u2019agissait d\u2019une disparition \u00e0 caract\u00e8re criminel, et surtout que le visionnage d\u2019enregistrements vid\u00e9os d\u00e9montre l\u2019implication pr\u00e9sum\u00e9e d\u2019un individu ayant abord\u00e9 la victime, pr\u00e8s du domicile de sa famille.<\/p>\n<p>Les recherches men\u00e9es par la police judiciaire, appuy\u00e9e par les services de la Direction g\u00e9n\u00e9rale de la surveillance du territoire (DGST) ont abouti \u00e0 l\u2019identification du suspect, qui r\u00e9side pr\u00e8s du domicile de la victime, avant qu\u2019il ne soit interpell\u00e9 et dirig\u00e9 vers le lieu o\u00f9 il s\u2019est d\u00e9barrass\u00e9 de la d\u00e9pouille, ajoute le communiqu\u00e9.<\/p>\n<p>Les premiers \u00e9l\u00e9ments de l\u2019enqu\u00eate r\u00e9v\u00e8lent que le mis en cause a emmen\u00e9 la victime dans un appartement qu\u2019il loue dans le m\u00eame quartier r\u00e9sidentiel, l\u2019a agress\u00e9e sexuellement et a commis l\u2019homicide volontaire, le m\u00eame jour et \u00e0 la m\u00eame heure, avant de l\u2019enterrer pr\u00e8s de son domicile, pr\u00e9cise la DGSN.<\/p>\n<p>Le pr\u00e9venu a \u00e9t\u00e9 plac\u00e9 en garde \u00e0 vue \u00e0 la disposition de l\u2019enqu\u00eate judiciaire men\u00e9e sous la supervision du parquet comp\u00e9tent pour \u00e9lucider les tenants et aboutissants de cet acte criminel, dont la victime a \u00e9t\u00e9 transf\u00e9r\u00e9e \u00e0 l\u2019h\u00f4pital r\u00e9gional de la ville pour autopsie, conclut la DGSN.<\/p>\n<p>Suite \u00e0 cet acte abominable, les habitants de Tanger ne d\u00e9col\u00e8rent pas. Dans la rue, des citoyens de la ville du D\u00e9troit ont demand\u00e9 la plus s\u00e9v\u00e8re peine pour le pr\u00e9sum\u00e9 violeur et assassin, soit la peine capitale.<\/p>\n<\/div>\n<p>Auteur: APA News<br \/>\n<a href=\"https:\/\/www.journalducameroun.com\/maroc-un-crime-crapuleux-secoue-tanger\/\">Cliquez ici pour lire l&rsquo;article depuis sa source.<\/a><\/p>\n","protected":false},"excerpt":{"rendered":"<p>Publi\u00e9 le 12.09.2020 \u00e0 20h18 par APA News La ville de Tanger, au nord du Maroc, a \u00e9t\u00e9 le th\u00e9\u00e2tre d\u2019un crime odieux apr\u00e8s qu\u2019un jeune de 24 ait sauvagement viol\u00e9 un enfant de 11 ans avant de l\u2019\u00e9trangler et de l\u2019enterrer dans une fosse creus\u00e9e dans un petit jardin public.Disparu le lundi 7 septembre, [&hellip;]<\/p>\n","protected":false},"author":1965,"featured_media":0,"comment_status":"closed","ping_status":"closed","sticky":false,"template":"","format":"standard","meta":{"fifu_image_url":"","fifu_image_alt":"","footnotes":""},"categories":[73,82],"tags":[],"class_list":["post-98672","post","type-post","status-publish","format-standard","hentry","category-actualite","category-cameroun"],"_links":{"self":[{"href":"https:\/\/linitiative.ca\/International\/wp-json\/wp\/v2\/posts\/98672","targetHints":{"allow":["GET"]}}],"collection":[{"href":"https:\/\/linitiative.ca\/International\/wp-json\/wp\/v2\/posts"}],"about":[{"href":"https:\/\/linitiative.ca\/International\/wp-json\/wp\/v2\/types\/post"}],"author":[{"embeddable":true,"href":"https:\/\/linitiative.ca\/International\/wp-json\/wp\/v2\/users\/1965"}],"replies":[{"embeddable":true,"href":"https:\/\/linitiative.ca\/International\/wp-json\/wp\/v2\/comments?post=98672"}],"version-history":[{"count":0,"href":"https:\/\/linitiative.ca\/International\/wp-json\/wp\/v2\/posts\/98672\/revisions"}],"wp:attachment":[{"href":"https:\/\/linitiative.ca\/International\/wp-json\/wp\/v2\/media?parent=98672"}],"wp:term":[{"taxonomy":"category","embeddable":true,"href":"https:\/\/linitiative.ca\/International\/wp-json\/wp\/v2\/categories?post=98672"},{"taxonomy":"post_tag","embeddable":true,"href":"https:\/\/linitiative.ca\/International\/wp-json\/wp\/v2\/tags?post=98672"}],"curies":[{"name":"wp","href":"https:\/\/api.w.org\/{rel}","templated":true}]}}