{"id":98674,"date":"2020-09-12T17:08:57","date_gmt":"2020-09-12T21:08:57","guid":{"rendered":"https:\/\/linitiative.ca\/International\/de-nouveaux-dirigeants-a-la-cename\/"},"modified":"2020-09-12T17:08:57","modified_gmt":"2020-09-12T21:08:57","slug":"de-nouveaux-dirigeants-a-la-cename","status":"publish","type":"post","link":"https:\/\/linitiative.ca\/International\/de-nouveaux-dirigeants-a-la-cename\/","title":{"rendered":"De nouveaux dirigeants \u00e0 la Cename"},"content":{"rendered":"<div class=\"featured-area featured-area-inner\" readability=\"8\"><img loading=\"lazy\" decoding=\"async\" width=\"1077\" height=\"815\" src=\"https:\/\/ecomatin.net\/wp-content\/uploads\/2020\/09\/IMG-20200912-WA0005-e1599945637446.jpg\" class=\"attachment-full size-full wp-post-image\" alt=\"\" srcset=\"https:\/\/ecomatin.net\/wp-content\/uploads\/2020\/09\/IMG-20200912-WA0005-e1599945637446.jpg 1077w, https:\/\/ecomatin.net\/wp-content\/uploads\/2020\/09\/IMG-20200912-WA0005-e1599945637446-300x227.jpg 300w, https:\/\/ecomatin.net\/wp-content\/uploads\/2020\/09\/IMG-20200912-WA0005-e1599945637446-1024x775.jpg 1024w, https:\/\/ecomatin.net\/wp-content\/uploads\/2020\/09\/IMG-20200912-WA0005-e1599945637446-768x581.jpg 768w, https:\/\/ecomatin.net\/wp-content\/uploads\/2020\/09\/IMG-20200912-WA0005-e1599945637446-600x454.jpg 600w\" sizes=\"auto, (max-width: 1077px) 100vw, 1077px\" data-attachment-id=\"18451\" data-permalink=\"https:\/\/ecomatin.net\/de-nouveaux-dirigeants-a-la-cename\/img-20200912-wa0005\/\" data-orig-file=\"https:\/\/ecomatin.net\/wp-content\/uploads\/2020\/09\/IMG-20200912-WA0005-e1599945637446.jpg\" data-orig-size=\"1077,815\" data-comments-opened=\"0\" data-image-meta=\"{&quot;aperture&quot;:&quot;0&quot;,&quot;credit&quot;:&quot;&quot;,&quot;camera&quot;:&quot;&quot;,&quot;caption&quot;:&quot;&quot;,&quot;created_timestamp&quot;:&quot;0&quot;,&quot;copyright&quot;:&quot;&quot;,&quot;focal_length&quot;:&quot;0&quot;,&quot;iso&quot;:&quot;0&quot;,&quot;shutter_speed&quot;:&quot;0&quot;,&quot;title&quot;:&quot;&quot;,&quot;orientation&quot;:&quot;0&quot;}\" data-image-title=\"IMG-20200912-WA0005\" data-image-description=\"\" data-medium-file=\"https:\/\/ecomatin.net\/wp-content\/uploads\/2020\/09\/IMG-20200912-WA0005-e1599945637446-300x227.jpg\" data-large-file=\"https:\/\/ecomatin.net\/wp-content\/uploads\/2020\/09\/IMG-20200912-WA0005-e1599945637446-1024x775.jpg\"\/> Vandi Deli, le nouveau DG de la Cename<\/div>\n<div class=\"entry-content entry clearfix\" readability=\"26.765771594953\">\n<p>Vandi Deli est le nouveau Directeur g\u00e9n\u00e9ral de la Centrale nationale d\u2019approvisionnement en m\u00e9dicaments et consommable m\u00e9dicaux essentiels (Cename). Il a \u00e9t\u00e9 port\u00e9 \u00e0 ce poste par un d\u00e9cret du pr\u00e9sident de la R\u00e9publique sign\u00e9 ce 11 septembre 2020.\u00a0 Il remplace \u00e0 ce poste le Dr Joseph Va\u00efllam. Avant sa nomination, Vandi Deli occupait le poste de Directeur de la pharmacie, des m\u00e9dicaments et des laboratoires au minist\u00e8re de la Sant\u00e9 publique.<\/p>\n<p><strong>Lire aussi<\/strong> : <a href=\"https:\/\/ecomatin.net\/couverture-sante-universelle-les-femmes-enceintes-et-les-enfants-dabord\/\">Couverture sante universelle : les femmes enceintes et les enfants d\u2019abord<\/a><\/p>\n<p>Dans la m\u00eame foul\u00e9e, le pr\u00e9sident a aussi proc\u00e9d\u00e9 \u00e0 la nomination de madame \u00a0Bell Marie M\u00e9lanie, au poste de Pr\u00e9sidente du conseil d\u2019administration de cet \u00e9tablissement public.<\/p>\n<p>Rappelons que la Centrale nationale d\u2019approvisionnement en m\u00e9dicaments et consommable m\u00e9dicaux essentiels, voit le jour en 2005 avec le d\u00e9cret n\u00b02005\/252 du 30 juin 2005 portant cr\u00e9ation, organisation et fonctionnement de la Cename. Elle sera r\u00e9organis\u00e9e plus tard par d\u00e9cret pr\u00e9sidentiel le 20 septembre 2020. La Cename a pour mission de contribuer \u00e0 la mise en \u0153uvre de la politique pharmaceutique nationale en mati\u00e8re d\u2019approvisionnement en mati\u00e8res et dispositifs m\u00e9dicaux essentiels.<\/p>\n<p><strong>Lire aussi<\/strong> : <a href=\"https:\/\/ecomatin.net\/securite-sociale-sante-universelle-cameroun-s-a-signe-le-contrat-de-la-csu\/\">S\u00e9curit\u00e9 sociale : Sant\u00e9 universelle Cameroun S.A. signe le contrat de la CSU<\/a><\/p>\n<div class=\"awac-wrapper awac widget posts-list-widget-11\">\n<h4 class=\"widget-title\">Le plus r\u00e9cent<\/h4>\n<\/div>\n<\/div>\n<p>Auteur: Eco Matin<br \/>\n<a href=\"https:\/\/ecomatin.net\/de-nouveaux-dirigeants-a-la-cename\/\">Cliquez ici pour lire l&rsquo;article depuis sa source.<\/a><\/p>\n","protected":false},"excerpt":{"rendered":"<p>Vandi Deli, le nouveau DG de la Cename Vandi Deli est le nouveau Directeur g\u00e9n\u00e9ral de la Centrale nationale d\u2019approvisionnement en m\u00e9dicaments et consommable m\u00e9dicaux essentiels (Cename). Il a \u00e9t\u00e9 port\u00e9 \u00e0 ce poste par un d\u00e9cret du pr\u00e9sident de la R\u00e9publique sign\u00e9 ce 11 septembre 2020.\u00a0 Il remplace \u00e0 ce poste le Dr Joseph [&hellip;]<\/p>\n","protected":false},"author":1969,"featured_media":98675,"comment_status":"closed","ping_status":"closed","sticky":false,"template":"","format":"standard","meta":{"fifu_image_url":"","fifu_image_alt":"","footnotes":""},"categories":[82,78],"tags":[],"class_list":["post-98674","post","type-post","status-publish","format-standard","has-post-thumbnail","hentry","category-cameroun","category-economie"],"_links":{"self":[{"href":"https:\/\/linitiative.ca\/International\/wp-json\/wp\/v2\/posts\/98674","targetHints":{"allow":["GET"]}}],"collection":[{"href":"https:\/\/linitiative.ca\/International\/wp-json\/wp\/v2\/posts"}],"about":[{"href":"https:\/\/linitiative.ca\/International\/wp-json\/wp\/v2\/types\/post"}],"author":[{"embeddable":true,"href":"https:\/\/linitiative.ca\/International\/wp-json\/wp\/v2\/users\/1969"}],"replies":[{"embeddable":true,"href":"https:\/\/linitiative.ca\/International\/wp-json\/wp\/v2\/comments?post=98674"}],"version-history":[{"count":0,"href":"https:\/\/linitiative.ca\/International\/wp-json\/wp\/v2\/posts\/98674\/revisions"}],"wp:featuredmedia":[{"embeddable":true,"href":"https:\/\/linitiative.ca\/International\/wp-json\/"}],"wp:attachment":[{"href":"https:\/\/linitiative.ca\/International\/wp-json\/wp\/v2\/media?parent=98674"}],"wp:term":[{"taxonomy":"category","embeddable":true,"href":"https:\/\/linitiative.ca\/International\/wp-json\/wp\/v2\/categories?post=98674"},{"taxonomy":"post_tag","embeddable":true,"href":"https:\/\/linitiative.ca\/International\/wp-json\/wp\/v2\/tags?post=98674"}],"curies":[{"name":"wp","href":"https:\/\/api.w.org\/{rel}","templated":true}]}}