{"id":98677,"date":"2020-09-12T13:05:54","date_gmt":"2020-09-12T17:05:54","guid":{"rendered":"https:\/\/linitiative.ca\/International\/covid-19-maroc-la-situation-epidemiologique-au-12-septembre-18h\/"},"modified":"2020-09-12T13:05:54","modified_gmt":"2020-09-12T17:05:54","slug":"covid-19-maroc-la-situation-epidemiologique-au-12-septembre-18h","status":"publish","type":"post","link":"https:\/\/linitiative.ca\/International\/covid-19-maroc-la-situation-epidemiologique-au-12-septembre-18h\/","title":{"rendered":"Covid-19 \/ Maroc : La situation \u00e9pid\u00e9miologique au 12 septembre 18h"},"content":{"rendered":"<div>\n<p><img loading=\"lazy\" decoding=\"async\" width=\"300\" height=\"153\" src=\"https:\/\/aujourdhui.ma\/wp-content\/uploads\/2020\/09\/Coronavirus-Covid-19-300x153.jpg\" class=\"attachment-medium size-medium wp-post-image\" alt=\"\" srcset=\"\/\/aujourdhui.ma\/wp-content\/uploads\/2020\/09\/Coronavirus-Covid-19-300x153.jpg 300w, \/\/aujourdhui.ma\/wp-content\/uploads\/2020\/09\/Coronavirus-Covid-19-274x140.jpg 274w, \/\/aujourdhui.ma\/wp-content\/uploads\/2020\/09\/Coronavirus-Covid-19.jpg 746w, \/\/aujourdhui.ma\/wp-content\/uploads\/2020\/09\/Coronavirus-Covid-19-165x84.jpg 165w, \/\/aujourdhui.ma\/wp-content\/uploads\/2020\/09\/Coronavirus-Covid-19-702x358.jpg 702w\" sizes=\"auto, (max-width: 300px) 100vw, 300px\"><\/p>\n<p><strong>Entre hier \u00e0 18h et aujourd\u2019hui \u00e0 18h<\/strong><span id=\"more-355262\"><\/span><\/p>\n<p>2.238 nouveaux cas soit un cumul de 84.435 cas \u00e0 ce jour<br \/>\n1.673 gu\u00e9risons soit un cumul de 65.867 \u00e0 ce jour<br \/>\n29 nouveaux d\u00e9c\u00e8s donc un cumul de 1.553 \u00e0 ce jour.<\/p>\n<p>\u00a0<\/p>\n<p><a href=\"https:\/\/aujourdhui.ma\/wp-content\/uploads\/2020\/09\/BQ_SARS-CoV-2.12.9_Page_1-scaled.jpg\"><img loading=\"lazy\" decoding=\"async\" class=\" wp-image-355265 aligncenter\" src=\"https:\/\/aujourdhui.ma\/wp-content\/uploads\/2020\/09\/BQ_SARS-CoV-2.12.9_Page_1-188x300.jpg\" alt=\"\" width=\"563\" height=\"898\" srcset=\"\/\/aujourdhui.ma\/wp-content\/uploads\/2020\/09\/BQ_SARS-CoV-2.12.9_Page_1-188x300.jpg 188w, \/\/aujourdhui.ma\/wp-content\/uploads\/2020\/09\/BQ_SARS-CoV-2.12.9_Page_1-643x1024.jpg 643w\" sizes=\"auto, (max-width: 563px) 100vw, 563px\"><\/a><\/p>\n<p><a href=\"https:\/\/aujourdhui.ma\/wp-content\/uploads\/2020\/09\/BQ_SARS-CoV-2.12.9_Page_2-scaled.jpg\"><img loading=\"lazy\" decoding=\"async\" class=\" wp-image-355266 aligncenter\" src=\"https:\/\/aujourdhui.ma\/wp-content\/uploads\/2020\/09\/BQ_SARS-CoV-2.12.9_Page_2-188x300.jpg\" alt=\"\" width=\"564\" height=\"899\" srcset=\"\/\/aujourdhui.ma\/wp-content\/uploads\/2020\/09\/BQ_SARS-CoV-2.12.9_Page_2-188x300.jpg 188w, \/\/aujourdhui.ma\/wp-content\/uploads\/2020\/09\/BQ_SARS-CoV-2.12.9_Page_2-643x1024.jpg 643w, \/\/aujourdhui.ma\/wp-content\/uploads\/2020\/09\/BQ_SARS-CoV-2.12.9_Page_2-965x1536.jpg 965w, \/\/aujourdhui.ma\/wp-content\/uploads\/2020\/09\/BQ_SARS-CoV-2.12.9_Page_2-scaled.jpg 1608w\" sizes=\"auto, (max-width: 564px) 100vw, 564px\"><\/a><\/p>\n<p><a href=\"https:\/\/aujourdhui.ma\/wp-content\/uploads\/2020\/09\/BQ_SARS-CoV-2.12.9_Page_3-scaled.jpg\"><img loading=\"lazy\" decoding=\"async\" class=\" wp-image-355267 aligncenter\" src=\"https:\/\/aujourdhui.ma\/wp-content\/uploads\/2020\/09\/BQ_SARS-CoV-2.12.9_Page_3-188x300.jpg\" alt=\"\" width=\"560\" height=\"892\" srcset=\"\/\/aujourdhui.ma\/wp-content\/uploads\/2020\/09\/BQ_SARS-CoV-2.12.9_Page_3-188x300.jpg 188w, \/\/aujourdhui.ma\/wp-content\/uploads\/2020\/09\/BQ_SARS-CoV-2.12.9_Page_3-643x1024.jpg 643w, \/\/aujourdhui.ma\/wp-content\/uploads\/2020\/09\/BQ_SARS-CoV-2.12.9_Page_3-768x1222.jpg 768w, \/\/aujourdhui.ma\/wp-content\/uploads\/2020\/09\/BQ_SARS-CoV-2.12.9_Page_3-965x1536.jpg 965w, \/\/aujourdhui.ma\/wp-content\/uploads\/2020\/09\/BQ_SARS-CoV-2.12.9_Page_3-1287x2048.jpg 1287w, \/\/aujourdhui.ma\/wp-content\/uploads\/2020\/09\/BQ_SARS-CoV-2.12.9_Page_3-scaled.jpg 1608w\" sizes=\"auto, (max-width: 560px) 100vw, 560px\"><\/a><\/p>\n<p><a href=\"https:\/\/aujourdhui.ma\/wp-content\/uploads\/2020\/09\/BQ_SARS-CoV-2.12.9_Page_4-scaled.jpg\"><img loading=\"lazy\" decoding=\"async\" class=\" wp-image-355268 aligncenter\" src=\"https:\/\/aujourdhui.ma\/wp-content\/uploads\/2020\/09\/BQ_SARS-CoV-2.12.9_Page_4-188x300.jpg\" alt=\"\" width=\"561\" height=\"895\"><\/a><\/p>\n<p><a href=\"https:\/\/aujourdhui.ma\/wp-content\/uploads\/2020\/09\/BQ_SARS-CoV-2.12.9_Page_5.jpg\"><img loading=\"lazy\" decoding=\"async\" class=\" wp-image-355269 aligncenter\" src=\"https:\/\/aujourdhui.ma\/wp-content\/uploads\/2020\/09\/BQ_SARS-CoV-2.12.9_Page_5-300x239.jpg\" alt=\"\" width=\"560\" height=\"447\" srcset=\"\/\/aujourdhui.ma\/wp-content\/uploads\/2020\/09\/BQ_SARS-CoV-2.12.9_Page_5-300x239.jpg 300w, \/\/aujourdhui.ma\/wp-content\/uploads\/2020\/09\/BQ_SARS-CoV-2.12.9_Page_5-1024x815.jpg 1024w, \/\/aujourdhui.ma\/wp-content\/uploads\/2020\/09\/BQ_SARS-CoV-2.12.9_Page_5-768x612.jpg 768w, \/\/aujourdhui.ma\/wp-content\/uploads\/2020\/09\/BQ_SARS-CoV-2.12.9_Page_5-1536x1223.jpg 1536w, \/\/aujourdhui.ma\/wp-content\/uploads\/2020\/09\/BQ_SARS-CoV-2.12.9_Page_5-2048x1631.jpg 2048w\" sizes=\"auto, (max-width: 560px) 100vw, 560px\"><\/a><\/p>\n<\/div>\n<p>Auteur: ALM<br \/>\n<a href=\"https:\/\/aujourdhui.ma\/societe\/covid-19-maroc-la-situation-epidemiologique-au-12-septembre-18h\">Cliquez ici pour lire l&rsquo;article depuis sa source.<\/a><\/p>\n","protected":false},"excerpt":{"rendered":"<p>Entre hier \u00e0 18h et aujourd\u2019hui \u00e0 18h 2.238 nouveaux cas soit un cumul de 84.435 cas \u00e0 ce jour 1.673 gu\u00e9risons soit un cumul de 65.867 \u00e0 ce jour 29 nouveaux d\u00e9c\u00e8s donc un cumul de 1.553 \u00e0 ce jour. \u00a0 Auteur: ALM Cliquez ici pour lire l&rsquo;article depuis sa source.<\/p>\n","protected":false},"author":1759,"featured_media":98678,"comment_status":"closed","ping_status":"closed","sticky":false,"template":"","format":"standard","meta":{"fifu_image_url":"","fifu_image_alt":"","footnotes":""},"categories":[73,54],"tags":[],"class_list":["post-98677","post","type-post","status-publish","format-standard","has-post-thumbnail","hentry","category-actualite","category-maroc"],"_links":{"self":[{"href":"https:\/\/linitiative.ca\/International\/wp-json\/wp\/v2\/posts\/98677","targetHints":{"allow":["GET"]}}],"collection":[{"href":"https:\/\/linitiative.ca\/International\/wp-json\/wp\/v2\/posts"}],"about":[{"href":"https:\/\/linitiative.ca\/International\/wp-json\/wp\/v2\/types\/post"}],"author":[{"embeddable":true,"href":"https:\/\/linitiative.ca\/International\/wp-json\/wp\/v2\/users\/1759"}],"replies":[{"embeddable":true,"href":"https:\/\/linitiative.ca\/International\/wp-json\/wp\/v2\/comments?post=98677"}],"version-history":[{"count":0,"href":"https:\/\/linitiative.ca\/International\/wp-json\/wp\/v2\/posts\/98677\/revisions"}],"wp:featuredmedia":[{"embeddable":true,"href":"https:\/\/linitiative.ca\/International\/wp-json\/"}],"wp:attachment":[{"href":"https:\/\/linitiative.ca\/International\/wp-json\/wp\/v2\/media?parent=98677"}],"wp:term":[{"taxonomy":"category","embeddable":true,"href":"https:\/\/linitiative.ca\/International\/wp-json\/wp\/v2\/categories?post=98677"},{"taxonomy":"post_tag","embeddable":true,"href":"https:\/\/linitiative.ca\/International\/wp-json\/wp\/v2\/tags?post=98677"}],"curies":[{"name":"wp","href":"https:\/\/api.w.org\/{rel}","templated":true}]}}