{"id":98686,"date":"2020-09-13T11:03:41","date_gmt":"2020-09-13T15:03:41","guid":{"rendered":"https:\/\/linitiative.ca\/International\/pour-leur-rentree-faible-mobilisation-des-gilets-jaunes-quelques-tensions%ef%bb%bf\/"},"modified":"2020-09-13T11:03:41","modified_gmt":"2020-09-13T15:03:41","slug":"pour-leur-rentree-faible-mobilisation-des-gilets-jaunes-quelques-tensions%ef%bb%bf","status":"publish","type":"post","link":"https:\/\/linitiative.ca\/International\/pour-leur-rentree-faible-mobilisation-des-gilets-jaunes-quelques-tensions%ef%bb%bf\/","title":{"rendered":"Pour leur rentr\u00e9e, faible mobilisation des \u00abgilets jaunes\u00bb, quelques tensions\ufeff"},"content":{"rendered":"<p class=\"has-text-color c2\"><strong>Pour leur manifestation de rentr\u00e9e apr\u00e8s une longue pause, les \u00abgilets jaunes\u00bb n\u2019ont pas r\u00e9ussi, en pleine \u00e9pid\u00e9mie de coronavirus, \u00e0 mobiliser massivement samedi et les maigres cort\u00e8ges ont \u00e9t\u00e9 \u00e9maill\u00e9s de heurts.<\/strong><\/p>\n<p>Ils \u00e9taient 8.500 rassembl\u00e9s samedi en France, dont 2.500 \u00e0 Paris, selon le ministre de l\u2019Int\u00e9rieur G\u00e9rald Darmanin en d\u00e9placement \u00e0 la pr\u00e9fecture de police de Paris.\u00bbCes manifestations ont pu se tenir dans un calme qui permet \u00e0 l\u2019ordre r\u00e9publicain d\u2019\u00eatre tenu\u00bb, a-t-il d\u00e9clar\u00e9.<\/p>\n<p>Dans le nord-ouest de la capitale, proche de la place Wagram, lieu de rassemblement, des affrontements ont \u00e9clat\u00e9 tout au long de l\u2019apr\u00e8s-midi entre manifestants et forces de l\u2019ordre.<\/p>\n<p>Des poubelles ont \u00e9t\u00e9 incendi\u00e9es, le mobilier urbain renvers\u00e9 et deux voitures ont \u00e9t\u00e9 br\u00fbl\u00e9es. De leur c\u00f4t\u00e9, les forces de l\u2019ordre ont tir\u00e9 des grenades lacrymog\u00e8nes pour disperser les manifestants sortis du parcours autoris\u00e9 par la pr\u00e9fecture.<\/p>\n<p>A 20H00, 287 personnes avaient \u00e9t\u00e9 interpell\u00e9es (dont 275 dans la capitale) et selon le parquet de Paris, 147 personnes \u00e9taient en garde \u00e0 vue\u00bb. Le mouvement est mort, je le dis clairement, mais on est l\u00e0 car rien \u00e0 perdre. C\u2019est un peu un baroud d\u2019honneur\u00bb, a confi\u00e9 Michael, \u00abgilet jaune\u00bb parisien de 43 ans.<\/p>\n<p>Dans les rangs clairsem\u00e9s, reviennent dans les conversations la d\u00e9ception de la faible participation du jour et l\u2019\u00e9vocation nostalgique des souvenirs des grandes manifestations pass\u00e9es.<\/p>\n<p>\u00abPouvoir remplir son frigo dignement\u00bb, \u00abDemain le ciel sera jaune\u00bb, clament les pancartes du second cort\u00e8ge. Partis dans le calme depuis la place de la Bourse, les manifestants \u2013 quelques centaines \u2013 devaient rejoindre la porte de Champerret.<\/p>\n<p>C\u2019est ce cort\u00e8ge que Jean-Marie Bigard a tent\u00e9 de rallier vers 10H00 avant de devoir fuir sous les hu\u00e9es des manifestants. Ce soutien m\u00e9diatique des \u00abgilets jaunes\u00bb s\u2019est d\u00e9solidaris\u00e9 cette semaine d\u2019une des figures du mouvement, J\u00e9r\u00f4me Rodrigues, qui avait assimil\u00e9 les policiers \u00e0 \u00abune bande de nazis\u00bb.<\/p>\n<p>Chahut\u00e9, insult\u00e9, l\u2019humoriste s\u2019est r\u00e9fugi\u00e9 un moment dans un restaurant de la place, expliquant qu\u2019il s\u2019agissait d\u2019une \u00abmauvaise interpr\u00e9tation\u00bb.<\/p>\n<p>N\u00e9 il y a presque deux ans, le 17 novembre 2018, le mouvement citoyen des \u00abgilets jaunes\u00bb, anti-\u00e9lites et qui lutte pour davantage de justice fiscale et sociale, cherche son second souffle. Il avait r\u00e9ussi la premi\u00e8re ann\u00e9e \u00e0 secouer la France, entre occupations de ronds-points et manifestations parfois violentes, dont les images ont fait le tour du monde.<\/p>\n<p>Le pr\u00e9fet de police Didier Lallement avait confirm\u00e9 lors d\u2019un point presse samedi matin sur les Champs-Elys\u00e9es barricad\u00e9s pour la journ\u00e9e, la pr\u00e9sence, d\u00e8s ce samedi, d\u2019un \u00absuperviseur\u00bb pour chaque porteur de LBD afin d\u2019aider \u00ab\u00e0 la ma\u00eetrise et au bon usage\u00bb de cette arme. Par ailleurs, les anciennes grenades \u00e0 main de d\u00e9sencerclement (GMD) ont \u00e9t\u00e9 remplac\u00e9es par un nouveau mod\u00e8le, r\u00e9put\u00e9 moins dangereux, conform\u00e9ment aux annonces du ministre de l\u2019Int\u00e9rieur vendredi.<\/p>\n<p>Dans la matin\u00e9e, une trentaine de \u00abgilets jaunes\u00bb ont bri\u00e8vement p\u00e9n\u00e9tr\u00e9 dans le parking et le hall du si\u00e8ge de BFMTV, \u00e0 Paris, prenant \u00e0 partie des journalistes et bousculant des agents de s\u00e9curit\u00e9. La direction de la cha\u00eene a d\u00e9pos\u00e9 plainte. Dans le centre de Toulouse, plusieurs centaines de \u00abgilets jaunes\u00bb \u00e9taient au rendez-vous malgr\u00e9 l\u2019interdiction de manifester pour raison sanitaire. Les forces de l\u2019ordre ont fait usage de gaz lacrymog\u00e8ne, tout comme \u00e0 Lyon o\u00f9 la manifestation \u00e9tait aussi interdite.<\/p>\n<p>A Colmar, entre 100 et 150 \u00abgilets jaunes\u00bb ont pos\u00e9 \u00e0 l\u2019aide d\u2019une \u00e9chelle un grand masque jaune sur le visage de la Statue de la libert\u00e9, une r\u00e9plique install\u00e9e sur un rond-point \u00e0 l\u2019entr\u00e9e de la ville.<\/p>\n<p>A Bordeaux, ancien bastion des \u00abgilets jaunes\u00bb, la manifestation a rassembl\u00e9 500 personnes dans le calme. \u00abTant que la col\u00e8re sociale sera l\u00e0, tant que les gens seront de plus en plus pr\u00e9caires, la col\u00e8re sociale ne s\u2019\u00e9teindra pas\u00bb, a estim\u00e9 masque sur le nez, Antoine Boudinet, figure locale du mouvement apr\u00e8s avoir eu la main arrach\u00e9e par une grenade lacrymog\u00e8ne, en marge d\u2019une manifestation.<\/p>\n<p class=\"c3\">(AFP)<\/p>\n<p>Auteur: M&rsquo;hammed rahal<br \/>\n<a href=\"http:\/\/albayane.press.ma\/pour-leur-rentree-faible-mobilisation-des-gilets-jaunes-quelques-tensions%EF%BB%BF.html\">Cliquez ici pour lire l&rsquo;article depuis sa source.<\/a><\/p>\n","protected":false},"excerpt":{"rendered":"<p>Pour leur manifestation de rentr\u00e9e apr\u00e8s une longue pause, les \u00abgilets jaunes\u00bb n\u2019ont pas r\u00e9ussi, en pleine \u00e9pid\u00e9mie de coronavirus, \u00e0 mobiliser massivement samedi et les maigres cort\u00e8ges ont \u00e9t\u00e9 \u00e9maill\u00e9s de heurts. Ils \u00e9taient 8.500 rassembl\u00e9s samedi en France, dont 2.500 \u00e0 Paris, selon le ministre de l\u2019Int\u00e9rieur G\u00e9rald Darmanin en d\u00e9placement \u00e0 la [&hellip;]<\/p>\n","protected":false},"author":1760,"featured_media":0,"comment_status":"closed","ping_status":"closed","sticky":false,"template":"","format":"standard","meta":{"fifu_image_url":"","fifu_image_alt":"","footnotes":""},"categories":[73,54],"tags":[],"class_list":["post-98686","post","type-post","status-publish","format-standard","hentry","category-actualite","category-maroc"],"_links":{"self":[{"href":"https:\/\/linitiative.ca\/International\/wp-json\/wp\/v2\/posts\/98686","targetHints":{"allow":["GET"]}}],"collection":[{"href":"https:\/\/linitiative.ca\/International\/wp-json\/wp\/v2\/posts"}],"about":[{"href":"https:\/\/linitiative.ca\/International\/wp-json\/wp\/v2\/types\/post"}],"author":[{"embeddable":true,"href":"https:\/\/linitiative.ca\/International\/wp-json\/wp\/v2\/users\/1760"}],"replies":[{"embeddable":true,"href":"https:\/\/linitiative.ca\/International\/wp-json\/wp\/v2\/comments?post=98686"}],"version-history":[{"count":0,"href":"https:\/\/linitiative.ca\/International\/wp-json\/wp\/v2\/posts\/98686\/revisions"}],"wp:attachment":[{"href":"https:\/\/linitiative.ca\/International\/wp-json\/wp\/v2\/media?parent=98686"}],"wp:term":[{"taxonomy":"category","embeddable":true,"href":"https:\/\/linitiative.ca\/International\/wp-json\/wp\/v2\/categories?post=98686"},{"taxonomy":"post_tag","embeddable":true,"href":"https:\/\/linitiative.ca\/International\/wp-json\/wp\/v2\/tags?post=98686"}],"curies":[{"name":"wp","href":"https:\/\/api.w.org\/{rel}","templated":true}]}}