{"id":98690,"date":"2020-09-13T11:30:16","date_gmt":"2020-09-13T15:30:16","guid":{"rendered":"https:\/\/linitiative.ca\/International\/trois-questions-au-president-de-luca-a-marrakech\/"},"modified":"2020-09-13T11:30:16","modified_gmt":"2020-09-13T15:30:16","slug":"trois-questions-au-president-de-luca-a-marrakech","status":"publish","type":"post","link":"https:\/\/linitiative.ca\/International\/trois-questions-au-president-de-luca-a-marrakech\/","title":{"rendered":"Trois questions au pr\u00e9sident de l\u2019UCA \u00e0 Marrakech"},"content":{"rendered":"<p><iframe loading=\"lazy\" width=\"1170\" height=\"658\" src=\"https:\/\/www.youtube.com\/embed\/Ka42u6ldHRo?start=300&amp;feature=oembed\" frameborder=\"0\" allow=\"accelerometer; autoplay; encrypted-media; gyroscope; picture-in-picture\" allowfullscreen=\"\">[embedded content]<\/iframe><\/p>\n<div class=\"single-post-excerpt post-excerpt-bc\" readability=\"41\">\n<p>Le Pr\u00e9sident de l\u2019Universit\u00e9 Cadi Ayyad (UCA) de Marrakech, Moulay El Hassan Hbid, revient, dans un entretien accord\u00e9 \u00e0 la MAP, sur les mesures prises pour assurer la r\u00e9ussite des examens report\u00e9s de la session de printemps au titre de l\u2019ann\u00e9e universitaire 2019-2020, ainsi que sur les pr\u00e9paratifs pour l\u2019ann\u00e9e universitaire 2020-2021, dans un contexte marqu\u00e9 par la propagation de la pand\u00e9mie de la Covid-19.<\/p>\n<\/div>\n<p>Auteur: Meriem IGASS<br \/>\n<a href=\"http:\/\/www.mapmarrakech.ma\/fr\/trois-questions-au-president-de-luca-a-marrakech\/\">Cliquez ici pour lire l&rsquo;article depuis sa source.<\/a><\/p>\n","protected":false},"excerpt":{"rendered":"<p>[embedded content] Le Pr\u00e9sident de l\u2019Universit\u00e9 Cadi Ayyad (UCA) de Marrakech, Moulay El Hassan Hbid, revient, dans un entretien accord\u00e9 \u00e0 la MAP, sur les mesures prises pour assurer la r\u00e9ussite des examens report\u00e9s de la session de printemps au titre de l\u2019ann\u00e9e universitaire 2019-2020, ainsi que sur les pr\u00e9paratifs pour l\u2019ann\u00e9e universitaire 2020-2021, dans [&hellip;]<\/p>\n","protected":false},"author":1788,"featured_media":0,"comment_status":"closed","ping_status":"closed","sticky":false,"template":"","format":"standard","meta":{"fifu_image_url":"","fifu_image_alt":"","footnotes":""},"categories":[54,76],"tags":[],"class_list":["post-98690","post","type-post","status-publish","format-standard","hentry","category-maroc","category-regions"],"_links":{"self":[{"href":"https:\/\/linitiative.ca\/International\/wp-json\/wp\/v2\/posts\/98690","targetHints":{"allow":["GET"]}}],"collection":[{"href":"https:\/\/linitiative.ca\/International\/wp-json\/wp\/v2\/posts"}],"about":[{"href":"https:\/\/linitiative.ca\/International\/wp-json\/wp\/v2\/types\/post"}],"author":[{"embeddable":true,"href":"https:\/\/linitiative.ca\/International\/wp-json\/wp\/v2\/users\/1788"}],"replies":[{"embeddable":true,"href":"https:\/\/linitiative.ca\/International\/wp-json\/wp\/v2\/comments?post=98690"}],"version-history":[{"count":0,"href":"https:\/\/linitiative.ca\/International\/wp-json\/wp\/v2\/posts\/98690\/revisions"}],"wp:attachment":[{"href":"https:\/\/linitiative.ca\/International\/wp-json\/wp\/v2\/media?parent=98690"}],"wp:term":[{"taxonomy":"category","embeddable":true,"href":"https:\/\/linitiative.ca\/International\/wp-json\/wp\/v2\/categories?post=98690"},{"taxonomy":"post_tag","embeddable":true,"href":"https:\/\/linitiative.ca\/International\/wp-json\/wp\/v2\/tags?post=98690"}],"curies":[{"name":"wp","href":"https:\/\/api.w.org\/{rel}","templated":true}]}}