{"id":98704,"date":"2020-09-13T15:13:23","date_gmt":"2020-09-13T19:13:23","guid":{"rendered":"https:\/\/linitiative.ca\/International\/pros-darfalou-frappe-dentree\/"},"modified":"2020-09-13T15:13:23","modified_gmt":"2020-09-13T19:13:23","slug":"pros-darfalou-frappe-dentree","status":"publish","type":"post","link":"https:\/\/linitiative.ca\/International\/pros-darfalou-frappe-dentree\/","title":{"rendered":"Pros : Darfalou frappe d\u2019entr\u00e9e !"},"content":{"rendered":"<div readability=\"32\">\n<p>Auteur : <span class=\"time\">dimanche 13 septembre 2020 18:23<\/span><\/p>\n<\/div>\n<div id=\"post_core\" readability=\"44\">\n<p>Pour son premier match en d\u00e9placement Vitesse Arnhem a r\u00e9alis\u00e9 une pr\u00e9cieuse victoire \u00e0 l\u2019ext\u00e9rieur contre Waalwijk. Un succ\u00e8s rendu possible gr\u00e2ce \u00e0 son attaquant international alg\u00e9rien Oussama Darfalou, auteur de l\u2019unique but de la rencontre, marqu\u00e9 quelques instants avant la fin de la premi\u00e8re p\u00e9riode. L\u2019international alg\u00e9rien, meilleur buteur de son club en p\u00e9riode de pr\u00e9paration avec 5 buts marqu\u00e9s en 6\u00a0 matchs disput\u00e9s, a bien saisi cette passe lumineuse de son camarade international slovaque Matus Bero pour ouvrir son compteur but en Eredivisie Hollandaise. Une belle prouesse de Darfalou qui lui permet d\u00e9marquer des points en pr\u00e9vision du prochain stage des Verts, pr\u00e9vu en octobre. D\u00e9j\u00e0 d\u00e9cisif en match officiel, Oussama avait pour rappel \u00e9t\u00e9 convoqu\u00e9 dans la liste \u00e9largie de Djamel Belmadi pour le dernier rassemblement de l\u2019Equipe nationale le mois de mars pass\u00e9, annul\u00e9 en raison de la pand\u00e9mie du coronavirus.<\/p>\n<p><strong>Moumen A.<\/strong><\/p>\n<p><strong>Publi\u00e9 dans :<\/strong> <span>djamel belmadi<\/span> <span>Oussama Darfalou<\/span><\/p>\n<\/div>\n<p>Auteur:<br \/>\n<a href=\"http:\/\/www.lebuteur.com\/article\/detail?titre=darfalou-frappe-dentree&#038;id=97244&#038;utm_source=feedburner&#038;utm_medium=feed&#038;utm_campaign=Feed%3A+GalerieFArtciles+%28Les+derniers+articles++-+lebuteur.com%29\">Cliquez ici pour lire l&rsquo;article depuis sa source.<\/a><\/p>\n","protected":false},"excerpt":{"rendered":"<p>Auteur : dimanche 13 septembre 2020 18:23 Pour son premier match en d\u00e9placement Vitesse Arnhem a r\u00e9alis\u00e9 une pr\u00e9cieuse victoire \u00e0 l\u2019ext\u00e9rieur contre Waalwijk. Un succ\u00e8s rendu possible gr\u00e2ce \u00e0 son attaquant international alg\u00e9rien Oussama Darfalou, auteur de l\u2019unique but de la rencontre, marqu\u00e9 quelques instants avant la fin de la premi\u00e8re p\u00e9riode. L\u2019international alg\u00e9rien, [&hellip;]<\/p>\n","protected":false},"author":1738,"featured_media":98705,"comment_status":"closed","ping_status":"closed","sticky":false,"template":"","format":"standard","meta":{"fifu_image_url":"","fifu_image_alt":"","footnotes":""},"categories":[53,75],"tags":[],"class_list":["post-98704","post","type-post","status-publish","format-standard","has-post-thumbnail","hentry","category-algerie","category-sport"],"_links":{"self":[{"href":"https:\/\/linitiative.ca\/International\/wp-json\/wp\/v2\/posts\/98704","targetHints":{"allow":["GET"]}}],"collection":[{"href":"https:\/\/linitiative.ca\/International\/wp-json\/wp\/v2\/posts"}],"about":[{"href":"https:\/\/linitiative.ca\/International\/wp-json\/wp\/v2\/types\/post"}],"author":[{"embeddable":true,"href":"https:\/\/linitiative.ca\/International\/wp-json\/wp\/v2\/users\/1738"}],"replies":[{"embeddable":true,"href":"https:\/\/linitiative.ca\/International\/wp-json\/wp\/v2\/comments?post=98704"}],"version-history":[{"count":0,"href":"https:\/\/linitiative.ca\/International\/wp-json\/wp\/v2\/posts\/98704\/revisions"}],"wp:featuredmedia":[{"embeddable":true,"href":"https:\/\/linitiative.ca\/International\/wp-json\/"}],"wp:attachment":[{"href":"https:\/\/linitiative.ca\/International\/wp-json\/wp\/v2\/media?parent=98704"}],"wp:term":[{"taxonomy":"category","embeddable":true,"href":"https:\/\/linitiative.ca\/International\/wp-json\/wp\/v2\/categories?post=98704"},{"taxonomy":"post_tag","embeddable":true,"href":"https:\/\/linitiative.ca\/International\/wp-json\/wp\/v2\/tags?post=98704"}],"curies":[{"name":"wp","href":"https:\/\/api.w.org\/{rel}","templated":true}]}}