{"id":98712,"date":"2020-09-12T20:14:00","date_gmt":"2020-09-13T00:14:00","guid":{"rendered":"https:\/\/linitiative.ca\/International\/le-general-habib-ammar-sain-et-sauf-contrairement-aux-rumeurs\/"},"modified":"2020-09-12T20:14:00","modified_gmt":"2020-09-13T00:14:00","slug":"le-general-habib-ammar-sain-et-sauf-contrairement-aux-rumeurs","status":"publish","type":"post","link":"https:\/\/linitiative.ca\/International\/le-general-habib-ammar-sain-et-sauf-contrairement-aux-rumeurs\/","title":{"rendered":"Le g\u00e9n\u00e9ral Habib Ammar, sain et sauf, contrairement aux rumeurs"},"content":{"rendered":"<p>Le g\u00e9n\u00e9ral de brigade (r), ancien ministre et ancien ambassadeur Habib Ammar est sain et sauf, affirment ses proches. D\u00e9mentant une rumeur persistante propageant une nouvelle de son d\u00e9c\u00e8s, ils d\u00e9plorent cette malveillante intention.<\/p>\n<p>Longue vie \u00e0 Si Habib.<br \/>\u00a0<\/p>\n<p>Auteur:<br \/>\n<a href=\"https:\/\/www.leaders.com.tn\/article\/30566-habib-ammar\">Cliquez ici pour lire l&rsquo;article depuis sa source.<\/a><\/p>\n","protected":false},"excerpt":{"rendered":"<p>Le g\u00e9n\u00e9ral de brigade (r), ancien ministre et ancien ambassadeur Habib Ammar est sain et sauf, affirment ses proches. D\u00e9mentant une rumeur persistante propageant une nouvelle de son d\u00e9c\u00e8s, ils d\u00e9plorent cette malveillante intention. Longue vie \u00e0 Si Habib.\u00a0 Auteur: Cliquez ici pour lire l&rsquo;article depuis sa source.<\/p>\n","protected":false},"author":1772,"featured_media":0,"comment_status":"closed","ping_status":"closed","sticky":false,"template":"","format":"standard","meta":{"fifu_image_url":"","fifu_image_alt":"","footnotes":""},"categories":[73,55],"tags":[],"class_list":["post-98712","post","type-post","status-publish","format-standard","hentry","category-actualite","category-tunisie"],"_links":{"self":[{"href":"https:\/\/linitiative.ca\/International\/wp-json\/wp\/v2\/posts\/98712","targetHints":{"allow":["GET"]}}],"collection":[{"href":"https:\/\/linitiative.ca\/International\/wp-json\/wp\/v2\/posts"}],"about":[{"href":"https:\/\/linitiative.ca\/International\/wp-json\/wp\/v2\/types\/post"}],"author":[{"embeddable":true,"href":"https:\/\/linitiative.ca\/International\/wp-json\/wp\/v2\/users\/1772"}],"replies":[{"embeddable":true,"href":"https:\/\/linitiative.ca\/International\/wp-json\/wp\/v2\/comments?post=98712"}],"version-history":[{"count":0,"href":"https:\/\/linitiative.ca\/International\/wp-json\/wp\/v2\/posts\/98712\/revisions"}],"wp:attachment":[{"href":"https:\/\/linitiative.ca\/International\/wp-json\/wp\/v2\/media?parent=98712"}],"wp:term":[{"taxonomy":"category","embeddable":true,"href":"https:\/\/linitiative.ca\/International\/wp-json\/wp\/v2\/categories?post=98712"},{"taxonomy":"post_tag","embeddable":true,"href":"https:\/\/linitiative.ca\/International\/wp-json\/wp\/v2\/tags?post=98712"}],"curies":[{"name":"wp","href":"https:\/\/api.w.org\/{rel}","templated":true}]}}