{"id":98715,"date":"2020-09-13T04:00:00","date_gmt":"2020-09-13T08:00:00","guid":{"rendered":"https:\/\/linitiative.ca\/International\/radhi-jazi-son-charisme-lui-avait-donne-une-dimension-internationale\/"},"modified":"2020-09-13T04:00:00","modified_gmt":"2020-09-13T08:00:00","slug":"radhi-jazi-son-charisme-lui-avait-donne-une-dimension-internationale","status":"publish","type":"post","link":"https:\/\/linitiative.ca\/International\/radhi-jazi-son-charisme-lui-avait-donne-une-dimension-internationale\/","title":{"rendered":"Radhi Jazi: Son charisme lui avait donn\u00e9 une dimension internationale"},"content":{"rendered":"<p class=\"c4\"><strong><span class=\"c3\"><span class=\"c2\"><em><img decoding=\"async\" src=\"\/uploads\/FCK_files\/Pierre-Joly.jpg\" alt=\"\" width=\"20%\" vspace=\"5\" hspace=\"5\" align=\"left\"\/>Par Pierre Joly &#8211;<\/em><\/span><\/span> Vous connaissez tous Radhi Jazi, le grand professionnel et l\u2019homme d\u2019action si attachant qu\u2019il a \u00e9t\u00e9\u2026 Mon propos sera donc plus personnel, si vous le voulez bien. L\u2019identit\u00e9 des initiales de nos noms Jazi et Joly avait amen\u00e9 l\u2019administration universitaire \u00e0 d\u00e9cider que nous devions \u00eatre bin\u00f4mes au cours de nos \u00e9tudes communes. Nous sortions \u00e0 peine de l\u2019adolescence\u2026 Il y a quand m\u00eame un peu plus de soixante-dix ans ! La camaraderie entre \u00e9tudiants nous avait fait accueillir cette d\u00e9cision comme normale, avec malgr\u00e9 tout la r\u00e9serve de nous demander qui pouvait bien \u00eatre ce nouveau personnage avec lequel nous allions poursuivre nos \u00e9tudes&#8230;<\/strong><\/p>\n<p>En fait, l\u2019aventure fut vraiment extraordinaire. L\u2019un et l\u2019autre d\u2019un naturel positif nous appr\u00eemes \u00e0 nous conna\u00eetre, \u00e0 nous faire confiance et chacune de ces \u00e9tapes r\u00e9v\u00e9la de nouvelles joies qui allaient nous mener \u00e0 une amiti\u00e9 qui n\u2019a ensuite fait que cro\u00eetre au cours du temps. Tout ne fut pas toujours simple cependant et nous e\u00fbmes \u00e0 surmonter ensemble quelques d\u00e9boires. Je me souviens en particulier de cet apr\u00e8s-midi o\u00f9 nous devions mener \u00e0 bien une sorte de distillation. Devant m\u2019absenter, je laissais \u00e0 Radhi la lourde responsabilit\u00e9 de poursuivre seul l\u2019op\u00e9ration lorsque j\u2019entendis une \u00e9norme explosion avant de quitter le laboratoire. Je revins en courant pour trouver mon Radhi d\u00e9confit devant le d\u00e9sastre&#8230;et devant le chef des travaux. C\u2019est alors que nous sommes partis l\u2019un et l\u2019autre d\u2019un grand \u00e9clat de rire que nous \u00e9voquions ensuite toujours avec joie !<\/p>\n<p>M\u00eame si nous maintenions \u00e0 distance cette extraordinaire amiti\u00e9, la fin de nos \u00e9tudes nous s\u00e9para, car nous avions \u00e0 construire l\u2019un et l\u2019autre notre vie professionnelle dans nos pays respectifs. Et puis un jour, ce furent justement ces activit\u00e9s professionnelles qui nous r\u00e9unirent de nouveau pour notre plus grande joie. Nous \u00e9tions devenus deux v\u00e9ritables fr\u00e8res, sensation qui vous est donn\u00e9e lorsque vous avez l\u2019impression que le sang qui coule dans les veines de votre ami est le m\u00eame que celui qui coule dans les v\u00f4tres. Nous ne devions plus nous quitter.<\/p>\n<p>Avec Habiba, il venait \u00e0 Paris, avec mon \u00e9pouse nous allions \u00e0 Tunis. Radhi a toujours \u00e9t\u00e9 un homme droit, intelligent, profond\u00e9ment fid\u00e8le \u00e0 ses amiti\u00e9s et \u00e0 ses convictions. Nous parlions de tout. Radhi, un peu en patriarche, me parlait des membres de sa famille o\u00f9 se m\u00ealaient beaucoup de sentiments d\u2019affection et de fiert\u00e9. Habiba, avec bont\u00e9 et une discr\u00e8te efficacit\u00e9, contr\u00f4lait son grand homme. Le charisme de Radhi lui avait donn\u00e9 une dimension internationale. Il avait des amis partout dans le monde. Je me souviens de deux professeurs que nous avions eus pour ma\u00eetres, Pierre Delavau et Andr\u00e9 Quevauvilliers, et qui me disaient leur fiert\u00e9 de compter parmi les amis de Radhi.<\/p>\n<p>Mais Radhi \u00e9tait surtout tr\u00e8s fid\u00e8le \u00e0 la Tunisie ; il n\u2019\u00e9tait pas de ceux qui \u00ab mettent leur drapeau dans leur poche \u00bb. Il m\u2019a fait aimer ce pays qui est devenu pour moi ma seconde patrie. C\u2019est pourquoi, lorsque j\u2019en ai eu l\u2019occasion, j\u2019ai cr\u00e9\u00e9 avec quelques amis tunisiens la premi\u00e8re usine de m\u00e9dicaments, je crois, en Tunisie qui fut dirig\u00e9e par Farid Ben Osmane. Je fis \u00e9galement entrer la Tunisie parmi Les membres de la F\u00e9d\u00e9ration internationale des industries du m\u00e9dicament que je pr\u00e9sidais alors. Ce sont ses conseils qui m\u2019\u00e9taient pr\u00e9cieux car c\u2019\u00e9tait toujours l\u2019int\u00e9r\u00eat g\u00e9n\u00e9ral qui le guidait. Chacune de nos rencontres nous permettait \u00e9galement de faire cro\u00eetre encore notre amiti\u00e9; par exemple en comparant nos pass\u00e9s : lui Nabeul, Djerba\u2026qu\u2019il m\u2019a fait visiter. Je n\u2019en finirais pas d\u00b4\u00e9voquer ce qui fut une affectueuse amiti\u00e9 hors du commun ; tant de souvenirs extraordinaires me reviennent \u00e0 l\u2019esprit et tant je n\u2019arrive pas \u00e0 imaginer qu\u2019il nous a quitt\u00e9s\u2026.<\/p>\n<p class=\"c5\"><strong>Pierre Joly<\/strong><br \/><span class=\"c3\"><em>Pr\u00e9sident Honoraire de l\u2019Acad\u00e9mie de m\u00e9decine,<br \/>pr\u00e9sident honoraire de l\u2019Acad\u00e9mie de pharmacie<br \/>et ancien pr\u00e9sident de la F\u00e9d\u00e9ration internationale des industries du m\u00e9dicament.<\/em><\/span><\/p>\n<p class=\"c6\"><strong>Lire aussi<\/strong><\/p>\n<p><a href=\"https:\/\/www.leaders.com.tn\/article\/30510-radhi-jazi-le-pharmacien-l-humaniste\" target=\"_blank\" rel=\"noopener noreferrer\">Radhi Jazi: Le pharmacien, l\u2019humaniste<\/a><\/p>\n<p><a href=\"https:\/\/www.leaders.com.tn\/article\/30554-radhi-jazi-le-recours-incontournable\" target=\"_blank\" rel=\"noopener noreferrer\">Radhi Jazi: Le recours incontournable<\/a><\/p>\n<p class=\"MsoNormal c7\"><strong><a href=\"https:\/\/www.leaders.com.tn\/le_mensuel_abonnez_vous\" target=\"_blank\" rel=\"noopener noreferrer\"><img loading=\"lazy\" decoding=\"async\" src=\"\/uploads\/FCK_files\/Bondou(11).jpg\" alt=\"\" width=\"500\" vspace=\"5\" hspace=\"5\" height=\"128\" align=\"middle\"\/><\/a><\/strong><\/p>\n<p>Auteur:<br \/>\n<a href=\"https:\/\/www.leaders.com.tn\/article\/30565-radhi-jazi-son-charisme-lui-avait-donne-une-dimension-internationale\">Cliquez ici pour lire l&rsquo;article depuis sa source.<\/a><\/p>\n","protected":false},"excerpt":{"rendered":"<p>Par Pierre Joly &#8211; Vous connaissez tous Radhi Jazi, le grand professionnel et l\u2019homme d\u2019action si attachant qu\u2019il a \u00e9t\u00e9\u2026 Mon propos sera donc plus personnel, si vous le voulez bien. L\u2019identit\u00e9 des initiales de nos noms Jazi et Joly avait amen\u00e9 l\u2019administration universitaire \u00e0 d\u00e9cider que nous devions \u00eatre bin\u00f4mes au cours de nos [&hellip;]<\/p>\n","protected":false},"author":1772,"featured_media":98716,"comment_status":"closed","ping_status":"closed","sticky":false,"template":"","format":"standard","meta":{"fifu_image_url":"","fifu_image_alt":"","footnotes":""},"categories":[73,55],"tags":[],"class_list":["post-98715","post","type-post","status-publish","format-standard","has-post-thumbnail","hentry","category-actualite","category-tunisie"],"_links":{"self":[{"href":"https:\/\/linitiative.ca\/International\/wp-json\/wp\/v2\/posts\/98715","targetHints":{"allow":["GET"]}}],"collection":[{"href":"https:\/\/linitiative.ca\/International\/wp-json\/wp\/v2\/posts"}],"about":[{"href":"https:\/\/linitiative.ca\/International\/wp-json\/wp\/v2\/types\/post"}],"author":[{"embeddable":true,"href":"https:\/\/linitiative.ca\/International\/wp-json\/wp\/v2\/users\/1772"}],"replies":[{"embeddable":true,"href":"https:\/\/linitiative.ca\/International\/wp-json\/wp\/v2\/comments?post=98715"}],"version-history":[{"count":0,"href":"https:\/\/linitiative.ca\/International\/wp-json\/wp\/v2\/posts\/98715\/revisions"}],"wp:featuredmedia":[{"embeddable":true,"href":"https:\/\/linitiative.ca\/International\/wp-json\/"}],"wp:attachment":[{"href":"https:\/\/linitiative.ca\/International\/wp-json\/wp\/v2\/media?parent=98715"}],"wp:term":[{"taxonomy":"category","embeddable":true,"href":"https:\/\/linitiative.ca\/International\/wp-json\/wp\/v2\/categories?post=98715"},{"taxonomy":"post_tag","embeddable":true,"href":"https:\/\/linitiative.ca\/International\/wp-json\/wp\/v2\/tags?post=98715"}],"curies":[{"name":"wp","href":"https:\/\/api.w.org\/{rel}","templated":true}]}}